{"id":867,"date":"2025-02-09T17:12:29","date_gmt":"2025-02-09T16:12:29","guid":{"rendered":"https:\/\/paroisse-auray-pluneret.fr\/?p=867"},"modified":"2025-03-02T16:40:39","modified_gmt":"2025-03-02T15:40:39","slug":"dimanche-2-mars-pelerinage-du-doyenne-a-sainte-anne-dauray","status":"publish","type":"post","link":"https:\/\/paroisse-auray-pluneret.fr\/index.php\/2025\/02\/09\/dimanche-2-mars-pelerinage-du-doyenne-a-sainte-anne-dauray\/","title":{"rendered":"Quelques photos du p\u00e8lerinage du doyenn\u00e9 \u00e0 Sainte Anne d\u2019Auray"},"content":{"rendered":"\n<p>Dimanche 2 mars<\/p>\n\n\n\n<figure class=\"wp-block-gallery has-nested-images columns-default is-cropped wp-block-gallery-1 is-layout-flex wp-block-gallery-is-layout-flex\">\n<figure class=\"wp-block-image size-large\"><img loading=\"lazy\" decoding=\"async\" width=\"1000\" height=\"750\" data-id=\"1123\" src=\"https:\/\/paroisse-auray-pluneret.fr\/wp-content\/uploads\/2025\/03\/20250302_092127.jpg\" alt=\"\" class=\"wp-image-1123\" srcset=\"https:\/\/paroisse-auray-pluneret.fr\/wp-content\/uploads\/2025\/03\/20250302_092127.jpg 1000w, https:\/\/paroisse-auray-pluneret.fr\/wp-content\/uploads\/2025\/03\/20250302_092127-300x225.jpg 300w, https:\/\/paroisse-auray-pluneret.fr\/wp-content\/uploads\/2025\/03\/20250302_092127-768x576.jpg 768w\" sizes=\"auto, (max-width: 1000px) 100vw, 1000px\" \/><figcaption class=\"wp-element-caption\">p\u00e8lerinage 2025 du doyenn\u00e9 \u00e0 ste Anne d&rsquo;Auray<\/figcaption><\/figure>\n\n\n\n<figure class=\"wp-block-image size-large\"><img loading=\"lazy\" decoding=\"async\" width=\"750\" height=\"1000\" data-id=\"1133\" src=\"https:\/\/paroisse-auray-pluneret.fr\/wp-content\/uploads\/2025\/02\/20250302_092445.jpg\" alt=\"\" class=\"wp-image-1133\" srcset=\"https:\/\/paroisse-auray-pluneret.fr\/wp-content\/uploads\/2025\/02\/20250302_092445.jpg 750w, https:\/\/paroisse-auray-pluneret.fr\/wp-content\/uploads\/2025\/02\/20250302_092445-225x300.jpg 225w\" sizes=\"auto, (max-width: 750px) 100vw, 750px\" \/><figcaption class=\"wp-element-caption\">p\u00e8lerinage 2025 du doyenn\u00e9 \u00e0 ste Anne d&rsquo;Auray<\/figcaption><\/figure>\n\n\n\n<figure class=\"wp-block-image size-large\"><img loading=\"lazy\" decoding=\"async\" width=\"1000\" height=\"750\" data-id=\"1125\" src=\"https:\/\/paroisse-auray-pluneret.fr\/wp-content\/uploads\/2025\/03\/20250302_105912.jpg\" alt=\"\" class=\"wp-image-1125\" srcset=\"https:\/\/paroisse-auray-pluneret.fr\/wp-content\/uploads\/2025\/03\/20250302_105912.jpg 1000w, https:\/\/paroisse-auray-pluneret.fr\/wp-content\/uploads\/2025\/03\/20250302_105912-300x225.jpg 300w, https:\/\/paroisse-auray-pluneret.fr\/wp-content\/uploads\/2025\/03\/20250302_105912-768x576.jpg 768w\" sizes=\"auto, (max-width: 1000px) 100vw, 1000px\" \/><figcaption class=\"wp-element-caption\">p\u00e8lerinage 2025 du doyenn\u00e9 \u00e0 ste Anne d&rsquo;Auray<\/figcaption><\/figure>\n\n\n\n<figure class=\"wp-block-image size-large\"><img loading=\"lazy\" decoding=\"async\" width=\"750\" height=\"1000\" data-id=\"1126\" src=\"https:\/\/paroisse-auray-pluneret.fr\/wp-content\/uploads\/2025\/03\/20250302_110137.jpg\" alt=\"\" class=\"wp-image-1126\" srcset=\"https:\/\/paroisse-auray-pluneret.fr\/wp-content\/uploads\/2025\/03\/20250302_110137.jpg 750w, https:\/\/paroisse-auray-pluneret.fr\/wp-content\/uploads\/2025\/03\/20250302_110137-225x300.jpg 225w\" sizes=\"auto, (max-width: 750px) 100vw, 750px\" \/><figcaption class=\"wp-element-caption\">p\u00e8lerinage 2025 du doyenn\u00e9 \u00e0 ste Anne d&rsquo;Auray<\/figcaption><\/figure>\n\n\n\n<figure class=\"wp-block-image size-large\"><img loading=\"lazy\" decoding=\"async\" width=\"1000\" height=\"750\" data-id=\"1127\" src=\"https:\/\/paroisse-auray-pluneret.fr\/wp-content\/uploads\/2025\/03\/20250302_110356.jpg\" alt=\"\" class=\"wp-image-1127\" srcset=\"https:\/\/paroisse-auray-pluneret.fr\/wp-content\/uploads\/2025\/03\/20250302_110356.jpg 1000w, https:\/\/paroisse-auray-pluneret.fr\/wp-content\/uploads\/2025\/03\/20250302_110356-300x225.jpg 300w, https:\/\/paroisse-auray-pluneret.fr\/wp-content\/uploads\/2025\/03\/20250302_110356-768x576.jpg 768w\" sizes=\"auto, (max-width: 1000px) 100vw, 1000px\" \/><figcaption class=\"wp-element-caption\">p\u00e8lerinage 2025 du doyenn\u00e9 \u00e0 ste Anne d&rsquo;Auray<\/figcaption><\/figure>\n<\/figure>\n\n\n\n<figure class=\"wp-block-image size-large\"><img loading=\"lazy\" decoding=\"async\" width=\"1000\" height=\"750\" src=\"https:\/\/paroisse-auray-pluneret.fr\/wp-content\/uploads\/2025\/03\/20250302_111059.jpg\" alt=\"\" class=\"wp-image-1128\" srcset=\"https:\/\/paroisse-auray-pluneret.fr\/wp-content\/uploads\/2025\/03\/20250302_111059.jpg 1000w, https:\/\/paroisse-auray-pluneret.fr\/wp-content\/uploads\/2025\/03\/20250302_111059-300x225.jpg 300w, https:\/\/paroisse-auray-pluneret.fr\/wp-content\/uploads\/2025\/03\/20250302_111059-768x576.jpg 768w\" sizes=\"auto, (max-width: 1000px) 100vw, 1000px\" \/><figcaption class=\"wp-element-caption\">p\u00e8lerinage 2025 du doyenn\u00e9 \u00e0 ste Anne d&rsquo;Auray<\/figcaption><\/figure>\n","protected":false},"excerpt":{"rendered":"<p>Dimanche 2 mars<\/p>\n","protected":false},"author":2,"featured_media":1135,"comment_status":"closed","ping_status":"closed","sticky":false,"template":"","format":"standard","meta":{"_eb_attr":"","iawp_total_views":42,"footnotes":""},"categories":[6],"tags":[],"class_list":["post-867","post","type-post","status-publish","format-standard","has-post-thumbnail","hentry","category-actu","entry"],"_links":{"self":[{"href":"https:\/\/paroisse-auray-pluneret.fr\/index.php\/wp-json\/wp\/v2\/posts\/867","targetHints":{"allow":["GET"]}}],"collection":[{"href":"https:\/\/paroisse-auray-pluneret.fr\/index.php\/wp-json\/wp\/v2\/posts"}],"about":[{"href":"https:\/\/paroisse-auray-pluneret.fr\/index.php\/wp-json\/wp\/v2\/types\/post"}],"author":[{"embeddable":true,"href":"https:\/\/paroisse-auray-pluneret.fr\/index.php\/wp-json\/wp\/v2\/users\/2"}],"replies":[{"embeddable":true,"href":"https:\/\/paroisse-auray-pluneret.fr\/index.php\/wp-json\/wp\/v2\/comments?post=867"}],"version-history":[{"count":8,"href":"https:\/\/paroisse-auray-pluneret.fr\/index.php\/wp-json\/wp\/v2\/posts\/867\/revisions"}],"predecessor-version":[{"id":1136,"href":"https:\/\/paroisse-auray-pluneret.fr\/index.php\/wp-json\/wp\/v2\/posts\/867\/revisions\/1136"}],"wp:featuredmedia":[{"embeddable":true,"href":"https:\/\/paroisse-auray-pluneret.fr\/index.php\/wp-json\/wp\/v2\/media\/1135"}],"wp:attachment":[{"href":"https:\/\/paroisse-auray-pluneret.fr\/index.php\/wp-json\/wp\/v2\/media?parent=867"}],"wp:term":[{"taxonomy":"category","embeddable":true,"href":"https:\/\/paroisse-auray-pluneret.fr\/index.php\/wp-json\/wp\/v2\/categories?post=867"},{"taxonomy":"post_tag","embeddable":true,"href":"https:\/\/paroisse-auray-pluneret.fr\/index.php\/wp-json\/wp\/v2\/tags?post=867"}],"curies":[{"name":"wp","href":"https:\/\/api.w.org\/{rel}","templated":true}]}}