{"id":525,"date":"2025-01-18T11:53:32","date_gmt":"2025-01-18T10:53:32","guid":{"rendered":"https:\/\/paroisse-auray-pluneret.fr\/?p=525"},"modified":"2025-01-26T21:23:18","modified_gmt":"2025-01-26T20:23:18","slug":"quest-ce-que-la-semaine-de-priere-pour-lunite-des-chretiens","status":"publish","type":"post","link":"https:\/\/paroisse-auray-pluneret.fr\/index.php\/2025\/01\/18\/quest-ce-que-la-semaine-de-priere-pour-lunite-des-chretiens\/","title":{"rendered":"Qu&rsquo;est-ce que la Semaine de pri\u00e8re pour l&rsquo;unit\u00e9 des chr\u00e9tiens\u00a0?"},"content":{"rendered":"\n<p>Chaque ann\u00e9e, durant la 3e semaine du mois de janvier, protestants, catholiques et orthodoxes sont appel\u00e9s \u00e0 se rapprocher : c&rsquo;est la Semaine de <strong>pri\u00e8re pour l&rsquo;unit\u00e9 des chr\u00e9tiens<\/strong>. Pourquoi et comment est-elle n\u00e9e ?<\/p>\n\n\n\n<figure class=\"wp-block-embed is-type-video is-provider-youtube wp-block-embed-youtube wp-embed-aspect-16-9 wp-has-aspect-ratio\"><div class=\"wp-block-embed__wrapper\">\n<iframe loading=\"lazy\" title=\"La semaine pour l&#039;unit\u00e9 des chr\u00e9tiens\" width=\"750\" height=\"422\" src=\"https:\/\/www.youtube.com\/embed\/nFrSvMYn_nA?feature=oembed\" frameborder=\"0\" allow=\"accelerometer; autoplay; clipboard-write; encrypted-media; gyroscope; picture-in-picture; web-share\" referrerpolicy=\"strict-origin-when-cross-origin\" allowfullscreen><\/iframe>\n<\/div><\/figure>\n","protected":false},"excerpt":{"rendered":"<p>Chaque ann\u00e9e, durant la 3e semaine du mois de janvier, protestants, catholiques et orthodoxes sont appel\u00e9s \u00e0 se rapprocher : c&rsquo;est la Semaine de pri\u00e8re pour l&rsquo;unit\u00e9 des chr\u00e9tiens. Pourquoi et comment est-elle n\u00e9e ?<\/p>\n","protected":false},"author":2,"featured_media":531,"comment_status":"closed","ping_status":"","sticky":false,"template":"","format":"standard","meta":{"_eb_attr":"","iawp_total_views":1,"footnotes":""},"categories":[1],"tags":[],"class_list":["post-525","post","type-post","status-publish","format-standard","has-post-thumbnail","hentry","category-non-classe","entry"],"_links":{"self":[{"href":"https:\/\/paroisse-auray-pluneret.fr\/index.php\/wp-json\/wp\/v2\/posts\/525","targetHints":{"allow":["GET"]}}],"collection":[{"href":"https:\/\/paroisse-auray-pluneret.fr\/index.php\/wp-json\/wp\/v2\/posts"}],"about":[{"href":"https:\/\/paroisse-auray-pluneret.fr\/index.php\/wp-json\/wp\/v2\/types\/post"}],"author":[{"embeddable":true,"href":"https:\/\/paroisse-auray-pluneret.fr\/index.php\/wp-json\/wp\/v2\/users\/2"}],"replies":[{"embeddable":true,"href":"https:\/\/paroisse-auray-pluneret.fr\/index.php\/wp-json\/wp\/v2\/comments?post=525"}],"version-history":[{"count":6,"href":"https:\/\/paroisse-auray-pluneret.fr\/index.php\/wp-json\/wp\/v2\/posts\/525\/revisions"}],"predecessor-version":[{"id":673,"href":"https:\/\/paroisse-auray-pluneret.fr\/index.php\/wp-json\/wp\/v2\/posts\/525\/revisions\/673"}],"wp:featuredmedia":[{"embeddable":true,"href":"https:\/\/paroisse-auray-pluneret.fr\/index.php\/wp-json\/wp\/v2\/media\/531"}],"wp:attachment":[{"href":"https:\/\/paroisse-auray-pluneret.fr\/index.php\/wp-json\/wp\/v2\/media?parent=525"}],"wp:term":[{"taxonomy":"category","embeddable":true,"href":"https:\/\/paroisse-auray-pluneret.fr\/index.php\/wp-json\/wp\/v2\/categories?post=525"},{"taxonomy":"post_tag","embeddable":true,"href":"https:\/\/paroisse-auray-pluneret.fr\/index.php\/wp-json\/wp\/v2\/tags?post=525"}],"curies":[{"name":"wp","href":"https:\/\/api.w.org\/{rel}","templated":true}]}}