{"id":438,"date":"2025-02-10T08:16:00","date_gmt":"2025-02-10T07:16:00","guid":{"rendered":"https:\/\/paroisse-auray-pluneret.fr\/?p=438"},"modified":"2025-02-23T09:37:59","modified_gmt":"2025-02-23T08:37:59","slug":"dimanche-de-la-sante-le-9-fevrier","status":"publish","type":"post","link":"https:\/\/paroisse-auray-pluneret.fr\/index.php\/2025\/02\/10\/dimanche-de-la-sante-le-9-fevrier\/","title":{"rendered":"9 f\u00e9vrier, c&rsquo;\u00e9tait le dimanche de la Sant\u00e9"},"content":{"rendered":"\n<p>Dimanche 9 f\u00e9vrier dernier, nous avons c\u00e9l\u00e9br\u00e9 le dimanche de la sant\u00e9 dans nos diff\u00e9rents clochers. Lors de cette c\u00e9l\u00e9bration, 8 personnes \u00e0 l\u2019\u00e9glise Charles de Blois et 13 personnes \u00e0 l\u2019\u00e9glise Saint Gildas ont pu recevoir le sacrement des malades.<\/p>\n\n\n\n<p>De m\u00eame, \u00e0 l&rsquo;\u00e9glise St Pierre &amp; St Paul de Pluneret, lors de la messe dominicale du 16 f\u00e9vrier, 10 personnes ont re\u00e7u ce sacrement.<\/p>\n\n\n\n<p>Continuons par nos pri\u00e8res \u00e0 demander \u00e0 Dieu de leur donner la force dans l&rsquo;\u00e9preuve et le soutien dont ils ont besoin.<\/p>\n","protected":false},"excerpt":{"rendered":"<p>Dimanche 9 f\u00e9vrier dernier, nous avons c\u00e9l\u00e9br\u00e9 le dimanche de la sant\u00e9 dans nos diff\u00e9rents clochers. Lors de cette c\u00e9l\u00e9bration, 8 personnes \u00e0 l\u2019\u00e9glise Charles de Blois et 13 personnes \u00e0 l\u2019\u00e9glise Saint Gildas ont pu recevoir le sacrement des malades. De m\u00eame, \u00e0 l&rsquo;\u00e9glise St Pierre &amp; St Paul de Pluneret, lors de la<a class=\"more-link\" href=\"https:\/\/paroisse-auray-pluneret.fr\/index.php\/2025\/02\/10\/dimanche-de-la-sante-le-9-fevrier\/\">Lire la suite <span class=\"screen-reader-text\">\u00ab\u00a09 f\u00e9vrier, c&rsquo;\u00e9tait le dimanche de la Sant\u00e9\u00a0\u00bb<\/span><\/a><\/p>\n","protected":false},"author":2,"featured_media":995,"comment_status":"closed","ping_status":"closed","sticky":false,"template":"","format":"standard","meta":{"_eb_attr":"","iawp_total_views":5,"footnotes":""},"categories":[1],"tags":[],"class_list":["post-438","post","type-post","status-publish","format-standard","has-post-thumbnail","hentry","category-non-classe","entry"],"_links":{"self":[{"href":"https:\/\/paroisse-auray-pluneret.fr\/index.php\/wp-json\/wp\/v2\/posts\/438","targetHints":{"allow":["GET"]}}],"collection":[{"href":"https:\/\/paroisse-auray-pluneret.fr\/index.php\/wp-json\/wp\/v2\/posts"}],"about":[{"href":"https:\/\/paroisse-auray-pluneret.fr\/index.php\/wp-json\/wp\/v2\/types\/post"}],"author":[{"embeddable":true,"href":"https:\/\/paroisse-auray-pluneret.fr\/index.php\/wp-json\/wp\/v2\/users\/2"}],"replies":[{"embeddable":true,"href":"https:\/\/paroisse-auray-pluneret.fr\/index.php\/wp-json\/wp\/v2\/comments?post=438"}],"version-history":[{"count":7,"href":"https:\/\/paroisse-auray-pluneret.fr\/index.php\/wp-json\/wp\/v2\/posts\/438\/revisions"}],"predecessor-version":[{"id":997,"href":"https:\/\/paroisse-auray-pluneret.fr\/index.php\/wp-json\/wp\/v2\/posts\/438\/revisions\/997"}],"wp:featuredmedia":[{"embeddable":true,"href":"https:\/\/paroisse-auray-pluneret.fr\/index.php\/wp-json\/wp\/v2\/media\/995"}],"wp:attachment":[{"href":"https:\/\/paroisse-auray-pluneret.fr\/index.php\/wp-json\/wp\/v2\/media?parent=438"}],"wp:term":[{"taxonomy":"category","embeddable":true,"href":"https:\/\/paroisse-auray-pluneret.fr\/index.php\/wp-json\/wp\/v2\/categories?post=438"},{"taxonomy":"post_tag","embeddable":true,"href":"https:\/\/paroisse-auray-pluneret.fr\/index.php\/wp-json\/wp\/v2\/tags?post=438"}],"curies":[{"name":"wp","href":"https:\/\/api.w.org\/{rel}","templated":true}]}}