{"id":304,"date":"2025-01-12T21:27:02","date_gmt":"2025-01-12T20:27:02","guid":{"rendered":"https:\/\/paroisse-auray-pluneret.fr\/?p=304"},"modified":"2026-04-09T20:52:14","modified_gmt":"2026-04-09T18:52:14","slug":"notez-bien","status":"publish","type":"post","link":"https:\/\/paroisse-auray-pluneret.fr\/index.php\/2025\/01\/12\/notez-bien\/","title":{"rendered":"et notez aussi&#8230;"},"content":{"rendered":"\n<ul class=\"wp-block-list\">\n<li>Samedi 18 avril : <strong>collecte, CCFD et Fleurs de bouchons<\/strong>, de tous les papiers et de tous les bouchons. Rue du moulin Auray.<\/li>\n\n\n\n<li>Les <strong>8, 9 et 10 mai : Bric \u00e0 Brac SETAM \/ CCFD<\/strong> \u00e0 la maison paroissiale, rue Bourdeloy.<\/li>\n\n\n\n<li><strong>Dimanche 10 mai : \u00e0 St Gildas \u00e0 10h30 accueil en \u00e9glise des futurs cat\u00e9chum\u00e8nes<\/strong>.<\/li>\n\n\n\n<li>Mercredi 13 mai : messe anticip\u00e9e de la solennit\u00e9 de l\u2019ascension \u00e0 St Sauveur \u00e0 18h30.<\/li>\n\n\n\n<li>Jeudi 14 mai : solennit\u00e9 de l\u2019ascension. C\u00e9l\u00e9bration de la <strong>confirmation pour les jeunes du doyenn\u00e9<\/strong> \u00e0 Pluvigner.<\/li>\n\n\n\n<li>Les Mardis 12 et 26 mai de 18h00 \u00e0 19h00 :<strong> Lectio Divina c<\/strong>hez les s\u0153urs de la charit\u00e9 Saint Louis, rue du P\u00e8re \u00c9ternel \u00e0 Auray.<\/li>\n\n\n\n<li>Rencontres du MCR : Lundi XXX \u00e0 14h30 chez Henri et Solange le mardi XXX \u00e0 14H30 \u00e0 la maison paroissiale rue Bourdeloy.<\/li>\n\n\n\n<li>Dimanche 24 mai : Solennit\u00e9 de la Pentec\u00f4te.<\/li>\n\n\n\n<li><strong>P\u00e8lerinage dioc\u00e9sain de Lourdes du 25 mai au 31 mai<\/strong> : inscriptions au presbyt\u00e8re de Saint Gildas, correspondante Marie Fran\u00e7oise Riguidel 06 87 02 69 42<\/li>\n\n\n\n<li>Vendredi 5 juin de 10h \u00e0 12h \u00e0 la maison paroissiale Bourdeloy : collecte de livres, bandes-dessin\u00e9es, disques vinyles ou disques CD au profit du CCFD Terre solidaire.<\/li>\n\n\n\n<li><strong>P\u00e8lerinage \u00ab&nbsp;Sur les pas du Padre Pio&nbsp;\u00bb du 6 au 12 octobre 2026<\/strong>, accompagn\u00e9 par le p\u00e8re Ga\u00ebtan Lucas. Les pr\u00e9-inscriptions sont ouvertes sur le site internet du dioc\u00e8se, service des p\u00e8lerinages.&nbsp;<a href=\"https:\/\/www.vannes.catholique.fr\/lespouilles2026\/\">https:\/\/www.vannes.catholique.fr\/lespouilles2026\/<\/a>  \u00ab Mon pass\u00e9, \u00f4 Seigneur, \u00e0 ta Mis\u00e9ricorde, mon pr\u00e9sent \u00e0 ton Amour, mon avenir \u00e0 ta Providence. \u00bb&nbsp;<em>Padre Pio<\/em><\/li>\n<\/ul>\n","protected":false},"excerpt":{"rendered":"","protected":false},"author":2,"featured_media":0,"comment_status":"closed","ping_status":"closed","sticky":false,"template":"","format":"standard","meta":{"_eb_attr":"","iawp_total_views":14,"footnotes":""},"categories":[10],"tags":[],"class_list":["post-304","post","type-post","status-publish","format-standard","hentry","category-a_noter","entry"],"_links":{"self":[{"href":"https:\/\/paroisse-auray-pluneret.fr\/index.php\/wp-json\/wp\/v2\/posts\/304","targetHints":{"allow":["GET"]}}],"collection":[{"href":"https:\/\/paroisse-auray-pluneret.fr\/index.php\/wp-json\/wp\/v2\/posts"}],"about":[{"href":"https:\/\/paroisse-auray-pluneret.fr\/index.php\/wp-json\/wp\/v2\/types\/post"}],"author":[{"embeddable":true,"href":"https:\/\/paroisse-auray-pluneret.fr\/index.php\/wp-json\/wp\/v2\/users\/2"}],"replies":[{"embeddable":true,"href":"https:\/\/paroisse-auray-pluneret.fr\/index.php\/wp-json\/wp\/v2\/comments?post=304"}],"version-history":[{"count":131,"href":"https:\/\/paroisse-auray-pluneret.fr\/index.php\/wp-json\/wp\/v2\/posts\/304\/revisions"}],"predecessor-version":[{"id":2469,"href":"https:\/\/paroisse-auray-pluneret.fr\/index.php\/wp-json\/wp\/v2\/posts\/304\/revisions\/2469"}],"wp:attachment":[{"href":"https:\/\/paroisse-auray-pluneret.fr\/index.php\/wp-json\/wp\/v2\/media?parent=304"}],"wp:term":[{"taxonomy":"category","embeddable":true,"href":"https:\/\/paroisse-auray-pluneret.fr\/index.php\/wp-json\/wp\/v2\/categories?post=304"},{"taxonomy":"post_tag","embeddable":true,"href":"https:\/\/paroisse-auray-pluneret.fr\/index.php\/wp-json\/wp\/v2\/tags?post=304"}],"curies":[{"name":"wp","href":"https:\/\/api.w.org\/{rel}","templated":true}]}}