{"id":1922,"date":"2026-01-04T21:37:26","date_gmt":"2026-01-04T20:37:26","guid":{"rendered":"https:\/\/paroisse-auray-pluneret.fr\/?p=1922"},"modified":"2026-01-10T14:38:19","modified_gmt":"2026-01-10T13:38:19","slug":"1er-janvier-marie-mere-de-dieu-homelie-de-p-francis","status":"publish","type":"post","link":"https:\/\/paroisse-auray-pluneret.fr\/index.php\/2026\/01\/04\/1er-janvier-marie-mere-de-dieu-homelie-de-p-francis\/","title":{"rendered":"1er janvier, Marie M\u00e8re de Dieu : hom\u00e9lie de P. Francis"},"content":{"rendered":"\n<p class=\"has-text-align-right\"><em>Hom\u00e9lie\u00a0 prononc\u00e9e en l&rsquo;\u00e9glise St Gildas le 1<sup>er<\/sup> Janvier 2026<\/em><\/p>\n\n\n\n<p>Les paroles&nbsp;\u00ab&nbsp;<strong>M\u00e8re de Dieu<\/strong> <strong>\u00bb<\/strong>&nbsp;expriment en effet la joyeuse certitude que le Seigneur, tendre Enfant dans les bras de sa&nbsp;m\u00e8re, s&rsquo;est uni&nbsp;pour&nbsp;toujours \u00e0 notre humanit\u00e9, au point qu&rsquo;elle n&rsquo;est plus seulement la n\u00f4tre, mais la sienne.&nbsp;<strong>M\u00e8re de Dieu<\/strong>&nbsp;: peu de mots&nbsp;pour&nbsp;confesser l&rsquo;alliance \u00e9ternelle&nbsp;du&nbsp;Seigneur avec nous.<\/p>\n\n\n\n<p>Marie engrange les \u00e9v\u00e9nements qui la d\u00e9passent et la bouleversent au plus intime d\u2019elle-m\u00eame. En accueillant J\u00e9sus elle devient M\u00e8re de Dieu. Son c\u0153ur est le creuset d\u2019une activit\u00e9 d\u00e9bordante o\u00f9 les \u00e9v\u00e9nements sont recueillis pour y \u00eatre m\u00e9dit\u00e9s et approfondis. Marie, cette jeune femme cherche dans les \u00c9critures le sens de ce qu\u2019elle traverse en compagnie de Joseph. Un exemple pour nous&nbsp;: d\u00e9chiffrer nos vies au regard de la Parole de Dieu.<\/p>\n\n\n\n<p>Mais, \u00e0 nous chr\u00e9tiens, chaque ann\u00e9e nous est donn\u00e9e comme une gr\u00e2ce, un don du Seigneur. Accueillons cette nouvelle ann\u00e9e 2026 \u00e0 <strong>double titre<\/strong>\u00a0:<\/p>\n\n\n\n<p>Tout d\u2019abord rendons gr\u00e2ce pour ce jubil\u00e9 qui nous a donn\u00e9 l\u2019occasion de f\u00eater le Christ, et aussi pour nous les 400 ans de la d\u00e9couverte de la statue de Ste Anne et lui offrir toute cette nouvelle ann\u00e9e avec ses incertitudes et ses esp\u00e9rances.<\/p>\n\n\n\n<p><strong>L\u2019\u00e9glise<\/strong> demande que l\u2019on f\u00eate solennellement, le 1er janvier, \u00ab&nbsp;<em>la Vierge Marie M\u00e8re de Dieu<\/em>&nbsp;\u00bb. Elle ne le demande pas pour opposer un contre-feu \u00e9difiant aux spectacles paillards des cabarets.&nbsp;<\/p>\n\n\n\n<p>Bien commencer l\u2019ann\u00e9e, c\u2019est se donner toutes les chances pour bien continuer. Le premier acte d\u2019\u00c8ve, dans la Gen\u00e8se, a \u00e9t\u00e9 de dire \u00ab<strong>non<\/strong>\u00bb \u00e0 son Cr\u00e9ateur; ce \u00ab<strong>non<\/strong>\u00bb a inaugur\u00e9 la tyrannie du mal sur le monde. Le premier acte de Marie, a \u00e9t\u00e9 au contraire un \u00ab<strong>oui<\/strong>\u00bb limpide et d\u00e9finitif donn\u00e9 \u00e0 Dieu: <em>\u00abJe suis la servante du Seigneur, qu\u2019il me soit fait selon ta parole.\u00bb (<\/em><em>Lc<\/em><em>1, 38).<\/em> Nous sommes les enfants d\u2019\u00c8ve et les enfants de Marie.<\/p>\n\n\n\n<p>En ce premier jour de l\u2019ann\u00e9e 2026, nous avons \u00e0 faire le choix d\u2019\u00c8ve ou le choix de Marie. \u00c7a ne marchera pas de mani\u00e8re magique:<\/p>\n\n\n\n<p>Il ne suffit pas de dire \u00ab<strong>OUI! Seigneur, que ta volont\u00e9 soit faite<\/strong>\u00bb pour que certains trouvent magiquement du travail, que vos enfants soient plus sages, que l\u2019argent s\u2019entasse sur votre compte bancaire\u2026 Mais si vous vous comportez d\u00e8s aujourd\u2019hui en v\u00e9ritable enfant de Marie, en fr\u00e8re du Seigneur J\u00e9sus, dans une grande docilit\u00e9 \u00e0 l\u2019Esprit saint, vous \u00eates aujourd\u2019hui dans la bonne direction. Le c\u0153ur de Notre P\u00e8re est grand ouvert, il attend que nous nous jetions en lui. Puisse cette ann\u00e9e 2026, \u00eatre l\u2019ann\u00e9e d\u2019un consentement de plus en plus profond au dessein d\u2019amour de notre Dieu sur chacun de nous, et avec l\u2019aide de la&nbsp;\u00ab&nbsp;<em>Vierge Marie, M\u00e8re de Dieu&nbsp;<\/em>\u00bb. La vie spirituelle que J\u00e9sus nous montre est un chemin qui accueille \u2013 et non pas qui interroge et qui r\u00e9fl\u00e9chit sans cesse, et qui tourne autour de soi-m\u00eame \u2013 <strong>qui accueille J\u00e9sus, qui accueille la r\u00e9alit\u00e9 comme elle est<\/strong>. L\u2019accueil de J\u00e9sus nous invite \u00e0 accueillir les autres, tous les autres, sans exclusion de qui que ce soit, quelles que soient les situations : faciles ou douloureuses, ennuyeuses. &nbsp;&nbsp;&nbsp;&nbsp;&nbsp;<\/p>\n\n\n\n<p>&nbsp;Beaucoup d\u2019\u00e9v\u00e8nements dans notre vie viennent sans qu\u2019on les ait choisis.&nbsp; L\u2019important est de passer cette nouvelle ann\u00e9e de cette acceptation sereine, <strong>et dans<\/strong> l\u2019abandon, loin de l\u2019amertume, de la r\u00e9volte, de la tristesse, pour nous ouvrir \u00e0 un accueil de notre vie, de notre histoire, comme elle est&nbsp;: notre histoire familiale, personnelle, notre donn\u00e9e g\u00e9n\u00e9tique, notre vie telle qu\u2019elle est, notre monde tel qu\u2019il est, en souhaitant plus de paix \u00e0 notre monde.<\/p>\n\n\n\n<p><strong>Fr\u00e8res et s\u0153urs bien aim\u00e9s<\/strong>, que la pri\u00e8re de Marie, M\u00e8re de Dieu, qui contemple J\u00e9sus avec Joseph, et accueillent les bergers et les anges, nous accordent en cette nouvelle ann\u00e9e, et tout au long de notre vie, la gr\u00e2ce de la conversion, de la conversion permanente, la Paix dans le monde, en cette journ\u00e9e mondiale et faire la volont\u00e9 de Dieu chaque jour.<\/p>\n\n\n\n<p><strong>Vos pr\u00eatres, vos diacres, l\u2019\u00e9quipe pastorale vous souhaitent, une Bonne ann\u00e9e, une bonne sant\u00e9 et de nombreux fruits spirituels pour vous et tous ceux que vous aime<\/strong>z.<\/p>\n\n\n\n<p>BONNE et SAINTE ANN\u00c9E 2026<\/p>\n\n\n\n<p>P. Francis Loisel<\/p>\n","protected":false},"excerpt":{"rendered":"<p>Hom\u00e9lie\u00a0 prononc\u00e9e en l&rsquo;\u00e9glise St Gildas le 1er Janvier 2026 Les paroles&nbsp;\u00ab&nbsp;M\u00e8re de Dieu \u00bb&nbsp;expriment en effet la joyeuse certitude que le Seigneur, tendre Enfant dans les bras de sa&nbsp;m\u00e8re, s&rsquo;est uni&nbsp;pour&nbsp;toujours \u00e0 notre humanit\u00e9, au point qu&rsquo;elle n&rsquo;est plus seulement la n\u00f4tre, mais la sienne.&nbsp;M\u00e8re de Dieu&nbsp;: peu de mots&nbsp;pour&nbsp;confesser l&rsquo;alliance \u00e9ternelle&nbsp;du&nbsp;Seigneur avec nous.<a class=\"more-link\" href=\"https:\/\/paroisse-auray-pluneret.fr\/index.php\/2026\/01\/04\/1er-janvier-marie-mere-de-dieu-homelie-de-p-francis\/\">Lire la suite <span class=\"screen-reader-text\">\u00ab\u00a01er janvier, Marie M\u00e8re de Dieu : hom\u00e9lie de P. Francis\u00a0\u00bb<\/span><\/a><\/p>\n","protected":false},"author":10,"featured_media":1472,"comment_status":"closed","ping_status":"","sticky":false,"template":"","format":"standard","meta":{"_eb_attr":"","iawp_total_views":9,"footnotes":""},"categories":[1],"tags":[],"class_list":["post-1922","post","type-post","status-publish","format-standard","has-post-thumbnail","hentry","category-non-classe","entry"],"_links":{"self":[{"href":"https:\/\/paroisse-auray-pluneret.fr\/index.php\/wp-json\/wp\/v2\/posts\/1922","targetHints":{"allow":["GET"]}}],"collection":[{"href":"https:\/\/paroisse-auray-pluneret.fr\/index.php\/wp-json\/wp\/v2\/posts"}],"about":[{"href":"https:\/\/paroisse-auray-pluneret.fr\/index.php\/wp-json\/wp\/v2\/types\/post"}],"author":[{"embeddable":true,"href":"https:\/\/paroisse-auray-pluneret.fr\/index.php\/wp-json\/wp\/v2\/users\/10"}],"replies":[{"embeddable":true,"href":"https:\/\/paroisse-auray-pluneret.fr\/index.php\/wp-json\/wp\/v2\/comments?post=1922"}],"version-history":[{"count":2,"href":"https:\/\/paroisse-auray-pluneret.fr\/index.php\/wp-json\/wp\/v2\/posts\/1922\/revisions"}],"predecessor-version":[{"id":1924,"href":"https:\/\/paroisse-auray-pluneret.fr\/index.php\/wp-json\/wp\/v2\/posts\/1922\/revisions\/1924"}],"wp:featuredmedia":[{"embeddable":true,"href":"https:\/\/paroisse-auray-pluneret.fr\/index.php\/wp-json\/wp\/v2\/media\/1472"}],"wp:attachment":[{"href":"https:\/\/paroisse-auray-pluneret.fr\/index.php\/wp-json\/wp\/v2\/media?parent=1922"}],"wp:term":[{"taxonomy":"category","embeddable":true,"href":"https:\/\/paroisse-auray-pluneret.fr\/index.php\/wp-json\/wp\/v2\/categories?post=1922"},{"taxonomy":"post_tag","embeddable":true,"href":"https:\/\/paroisse-auray-pluneret.fr\/index.php\/wp-json\/wp\/v2\/tags?post=1922"}],"curies":[{"name":"wp","href":"https:\/\/api.w.org\/{rel}","templated":true}]}}