{"id":1916,"date":"2025-12-30T09:52:32","date_gmt":"2025-12-30T08:52:32","guid":{"rendered":"https:\/\/paroisse-auray-pluneret.fr\/?p=1916"},"modified":"2026-02-06T08:51:31","modified_gmt":"2026-02-06T07:51:31","slug":"3-5-fevrier-presentation-de-lexhortation-apostolique-dilexi-te","status":"publish","type":"post","link":"https:\/\/paroisse-auray-pluneret.fr\/index.php\/2025\/12\/30\/3-5-fevrier-presentation-de-lexhortation-apostolique-dilexi-te\/","title":{"rendered":"5 f\u00e9vrier : pr\u00e9sentation de l&rsquo;exhortation apostolique \u00ab\u00a0Dilexi te\u00a0\u00bb"},"content":{"rendered":"\n<p>Le P\u00e8re Yann LAMOUROUX, vicaire g\u00e9n\u00e9ral, pr\u00e9sentera l&rsquo;exhortation apostolique du Pape L\u00e9on XIV \u00ab\u00a0Dilexi te\u00a0\u00bb pour le doyenn\u00e9 d&rsquo;Auray-Pluvigner le Jeudi 5 f\u00e9vrier\u00a0 2026 en soir\u00e9e de 20h \u00e0 22h \u00e0 la salle st Bieuzy, rue Bourdeloy <strong>\u00e0 Auray<\/strong>.<\/p>\n\n\n\n<p><strong>Nous pourrons inscrire dans cette perspective le projet \u00ab\u00a0Hiver Solidaire<\/strong>\u00a0\u00bb port\u00e9 par le doyenn\u00e9<\/p>\n","protected":false},"excerpt":{"rendered":"<p>Le P\u00e8re Yann LAMOUROUX, vicaire g\u00e9n\u00e9ral, pr\u00e9sentera l&rsquo;exhortation apostolique du Pape L\u00e9on XIV \u00ab\u00a0Dilexi te\u00a0\u00bb pour le doyenn\u00e9 d&rsquo;Auray-Pluvigner le Jeudi 5 f\u00e9vrier\u00a0 2026 en soir\u00e9e de 20h \u00e0 22h \u00e0 la salle st Bieuzy, rue Bourdeloy \u00e0 Auray. Nous pourrons inscrire dans cette perspective le projet \u00ab\u00a0Hiver Solidaire\u00a0\u00bb port\u00e9 par le doyenn\u00e9<\/p>\n","protected":false},"author":2,"featured_media":1698,"comment_status":"closed","ping_status":"closed","sticky":false,"template":"","format":"standard","meta":{"_eb_attr":"","iawp_total_views":5,"footnotes":""},"categories":[1],"tags":[],"class_list":["post-1916","post","type-post","status-publish","format-standard","has-post-thumbnail","hentry","category-non-classe","entry"],"_links":{"self":[{"href":"https:\/\/paroisse-auray-pluneret.fr\/index.php\/wp-json\/wp\/v2\/posts\/1916","targetHints":{"allow":["GET"]}}],"collection":[{"href":"https:\/\/paroisse-auray-pluneret.fr\/index.php\/wp-json\/wp\/v2\/posts"}],"about":[{"href":"https:\/\/paroisse-auray-pluneret.fr\/index.php\/wp-json\/wp\/v2\/types\/post"}],"author":[{"embeddable":true,"href":"https:\/\/paroisse-auray-pluneret.fr\/index.php\/wp-json\/wp\/v2\/users\/2"}],"replies":[{"embeddable":true,"href":"https:\/\/paroisse-auray-pluneret.fr\/index.php\/wp-json\/wp\/v2\/comments?post=1916"}],"version-history":[{"count":5,"href":"https:\/\/paroisse-auray-pluneret.fr\/index.php\/wp-json\/wp\/v2\/posts\/1916\/revisions"}],"predecessor-version":[{"id":2072,"href":"https:\/\/paroisse-auray-pluneret.fr\/index.php\/wp-json\/wp\/v2\/posts\/1916\/revisions\/2072"}],"wp:featuredmedia":[{"embeddable":true,"href":"https:\/\/paroisse-auray-pluneret.fr\/index.php\/wp-json\/wp\/v2\/media\/1698"}],"wp:attachment":[{"href":"https:\/\/paroisse-auray-pluneret.fr\/index.php\/wp-json\/wp\/v2\/media?parent=1916"}],"wp:term":[{"taxonomy":"category","embeddable":true,"href":"https:\/\/paroisse-auray-pluneret.fr\/index.php\/wp-json\/wp\/v2\/categories?post=1916"},{"taxonomy":"post_tag","embeddable":true,"href":"https:\/\/paroisse-auray-pluneret.fr\/index.php\/wp-json\/wp\/v2\/tags?post=1916"}],"curies":[{"name":"wp","href":"https:\/\/api.w.org\/{rel}","templated":true}]}}