{"id":1907,"date":"2025-12-31T09:55:46","date_gmt":"2025-12-31T08:55:46","guid":{"rendered":"https:\/\/paroisse-auray-pluneret.fr\/?p=1907"},"modified":"2026-01-26T20:47:21","modified_gmt":"2026-01-26T19:47:21","slug":"pardon-de-st-gildas-dimanche-29-janvier","status":"publish","type":"post","link":"https:\/\/paroisse-auray-pluneret.fr\/index.php\/2025\/12\/31\/pardon-de-st-gildas-dimanche-29-janvier\/","title":{"rendered":"Pardon de St Gildas\u00a0&amp; voeux de la paroisse : dimanche 25 janvier"},"content":{"rendered":"\n<p>Messe \u00e0 <strong>10H00<\/strong>, pr\u00e9sid\u00e9e par notre vicaire g\u00e9n\u00e9ral Gwena\u00ebl Ayrault. <\/p>\n\n\n\n<p>Les voeux de la paroisse seront accompagn\u00e9s par les bombardes de la <strong>Kevrenn Alre<\/strong> autour du verre de l&rsquo;amiti\u00e9. <\/p>\n\n\n\n<p>Ensuite nous nous retrouverons pour partager le repas paroissial (sur inscription au presbyt\u00e8re).<\/p>\n\n\n\n<p>La journ\u00e9e s&rsquo;ach\u00e8vera apr\u00e8s les v\u00eapres de 16H.<\/p>\n\n\n\n<p><em>Pas de messe \u00e0 Charles de Blois.<\/em><\/p>\n\n\n\n<p><\/p>\n","protected":false},"excerpt":{"rendered":"<p>Messe \u00e0 10H00, pr\u00e9sid\u00e9e par notre vicaire g\u00e9n\u00e9ral Gwena\u00ebl Ayrault. Les voeux de la paroisse seront accompagn\u00e9s par les bombardes de la Kevrenn Alre autour du verre de l&rsquo;amiti\u00e9. Ensuite nous nous retrouverons pour partager le repas paroissial (sur inscription au presbyt\u00e8re). La journ\u00e9e s&rsquo;ach\u00e8vera apr\u00e8s les v\u00eapres de 16H. Pas de messe \u00e0 Charles<a class=\"more-link\" href=\"https:\/\/paroisse-auray-pluneret.fr\/index.php\/2025\/12\/31\/pardon-de-st-gildas-dimanche-29-janvier\/\">Lire la suite <span class=\"screen-reader-text\">\u00ab\u00a0Pardon de St Gildas\u00a0&amp; voeux de la paroisse : dimanche 25 janvier\u00a0\u00bb<\/span><\/a><\/p>\n","protected":false},"author":2,"featured_media":1908,"comment_status":"closed","ping_status":"closed","sticky":false,"template":"","format":"standard","meta":{"_eb_attr":"","iawp_total_views":13,"footnotes":""},"categories":[1],"tags":[],"class_list":["post-1907","post","type-post","status-publish","format-standard","has-post-thumbnail","hentry","category-non-classe","entry"],"_links":{"self":[{"href":"https:\/\/paroisse-auray-pluneret.fr\/index.php\/wp-json\/wp\/v2\/posts\/1907","targetHints":{"allow":["GET"]}}],"collection":[{"href":"https:\/\/paroisse-auray-pluneret.fr\/index.php\/wp-json\/wp\/v2\/posts"}],"about":[{"href":"https:\/\/paroisse-auray-pluneret.fr\/index.php\/wp-json\/wp\/v2\/types\/post"}],"author":[{"embeddable":true,"href":"https:\/\/paroisse-auray-pluneret.fr\/index.php\/wp-json\/wp\/v2\/users\/2"}],"replies":[{"embeddable":true,"href":"https:\/\/paroisse-auray-pluneret.fr\/index.php\/wp-json\/wp\/v2\/comments?post=1907"}],"version-history":[{"count":6,"href":"https:\/\/paroisse-auray-pluneret.fr\/index.php\/wp-json\/wp\/v2\/posts\/1907\/revisions"}],"predecessor-version":[{"id":1956,"href":"https:\/\/paroisse-auray-pluneret.fr\/index.php\/wp-json\/wp\/v2\/posts\/1907\/revisions\/1956"}],"wp:featuredmedia":[{"embeddable":true,"href":"https:\/\/paroisse-auray-pluneret.fr\/index.php\/wp-json\/wp\/v2\/media\/1908"}],"wp:attachment":[{"href":"https:\/\/paroisse-auray-pluneret.fr\/index.php\/wp-json\/wp\/v2\/media?parent=1907"}],"wp:term":[{"taxonomy":"category","embeddable":true,"href":"https:\/\/paroisse-auray-pluneret.fr\/index.php\/wp-json\/wp\/v2\/categories?post=1907"},{"taxonomy":"post_tag","embeddable":true,"href":"https:\/\/paroisse-auray-pluneret.fr\/index.php\/wp-json\/wp\/v2\/tags?post=1907"}],"curies":[{"name":"wp","href":"https:\/\/api.w.org\/{rel}","templated":true}]}}