{"id":1905,"date":"2025-12-30T10:36:39","date_gmt":"2025-12-30T09:36:39","guid":{"rendered":"https:\/\/paroisse-auray-pluneret.fr\/?p=1905"},"modified":"2026-01-17T08:30:33","modified_gmt":"2026-01-17T07:30:33","slug":"editorial-de-janvier","status":"publish","type":"post","link":"https:\/\/paroisse-auray-pluneret.fr\/index.php\/2025\/12\/30\/editorial-de-janvier\/","title":{"rendered":"Editorial de janvier"},"content":{"rendered":"\n<p><strong>\u00ab&nbsp;Nous avons vu son \u00e9toile \u00e0 l\u2019Orient et nous sommes venus nous prosterner devant lui.&nbsp;\u00bb<\/strong> (Mt 2, 2). Dans son hom\u00e9lie de l\u2019Epiphanie de janvier 2021, le pape Fran\u00e7ois \u00e9crivait&nbsp;: <em>Les Rois Mages ont \u00e9t\u00e9 capables de voir au-del\u00e0 de l&rsquo;apparence. Ils ont exprim\u00e9 une adoration qui \u00e9tait avant tout int\u00e9rieure ils ont eu un regard qui ne s\u2019est pas laiss\u00e9 \u00e9blouir par les feux artificiels cherchant, \u00e0 chaque occasion, ce qui ne passe pas.&nbsp;<\/em><\/p>\n\n\n\n<p>Les c\u00e9l\u00e9brations de No\u00ebl sont d\u00e9j\u00e0 derri\u00e8re nous, et une nouvelle ann\u00e9e commence. En cette nouvelle ann\u00e9e 2026, o\u00f9 fixer notre regard&nbsp;? Le jubil\u00e9 de l\u2019Eglise Universelle est d\u00e9j\u00e0 termin\u00e9, mais pour autant, notre <strong>Esp\u00e9rance<\/strong> ne doit pas faiblir. Au contraire, elle doit poursuivre sa course. Comme le disait Charles P\u00e9guy dans son livre Le porche du Myst\u00e8re de la deuxi\u00e8me vertu, c\u2019est elle qui entra\u00eene ses deux petites s\u0153urs ; la <strong>Foi<\/strong> et la <strong>Charit\u00e9<\/strong>. Comme les rois mages qui sont venus adorer le Dieu Unique, nous sommes invit\u00e9s, nous aussi, \u00e0 choisir notre route pour cheminer vers le Christ.<\/p>\n\n\n\n<p>Pour commencer l\u2019ann\u00e9e, nous aurons Marie \u00e0 nos c\u00f4t\u00e9s. Dans le bulletin de ce mois, nous aurons la joie de red\u00e9couvrir quelle est l\u2019origine de la pri\u00e8re du chapelet. Cette pri\u00e8re, qui est comme \u00ab&nbsp;une cha\u00eene qui nous relie \u00e0 Dieu&nbsp;\u00bb, disait le saint cur\u00e9 d\u2019Ars. Nous aurons aussi \u00e0 c\u0153ur de red\u00e9couvrir quel est le sens de la semaine de pri\u00e8re pour l\u2019unit\u00e9 des chr\u00e9tiens. Une belle mani\u00e8re de poursuivre cet \u00e9lan fraternel avec tous nos fr\u00e8res chr\u00e9tiens \u00e0 travers le monde. Enfin, le mois de janvier se cl\u00f4turera par notre pardon traditionnel, la \u00ab&nbsp;Saint Gildas&nbsp;\u00bb, pr\u00e9sid\u00e9 par le P\u00e8re Gwenael Airault, vicaire g\u00e9n\u00e9ral sur notre secteur.<\/p>\n\n\n\n<p>Nouvelle ann\u00e9e et nouveau cap&nbsp;! Et pour l\u2019atteindre, quoi de mieux que de nous mettre en pri\u00e8re, pour confier cette nouvelle ann\u00e9e 2026 au Seigneur, sous le regard de notre maman du ciel. <strong>Heureuse et sainte ann\u00e9e 2026&nbsp;!<\/strong><\/p>\n\n\n\n<p>P. Guillaume Porrot<\/p>\n","protected":false},"excerpt":{"rendered":"<p>\u00ab&nbsp;Nous avons vu son \u00e9toile \u00e0 l\u2019Orient et nous sommes venus nous prosterner devant lui.&nbsp;\u00bb (Mt 2, 2). Dans son hom\u00e9lie de l\u2019Epiphanie de janvier 2021, le pape Fran\u00e7ois \u00e9crivait&nbsp;: Les Rois Mages ont \u00e9t\u00e9 capables de voir au-del\u00e0 de l&rsquo;apparence. Ils ont exprim\u00e9 une adoration qui \u00e9tait avant tout int\u00e9rieure ils ont eu un<a class=\"more-link\" href=\"https:\/\/paroisse-auray-pluneret.fr\/index.php\/2025\/12\/30\/editorial-de-janvier\/\">Lire la suite <span class=\"screen-reader-text\">\u00ab\u00a0Editorial de janvier\u00a0\u00bb<\/span><\/a><\/p>\n","protected":false},"author":2,"featured_media":1817,"comment_status":"closed","ping_status":"closed","sticky":false,"template":"","format":"standard","meta":{"_eb_attr":"","iawp_total_views":10,"footnotes":""},"categories":[1],"tags":[],"class_list":["post-1905","post","type-post","status-publish","format-standard","has-post-thumbnail","hentry","category-non-classe","entry"],"_links":{"self":[{"href":"https:\/\/paroisse-auray-pluneret.fr\/index.php\/wp-json\/wp\/v2\/posts\/1905","targetHints":{"allow":["GET"]}}],"collection":[{"href":"https:\/\/paroisse-auray-pluneret.fr\/index.php\/wp-json\/wp\/v2\/posts"}],"about":[{"href":"https:\/\/paroisse-auray-pluneret.fr\/index.php\/wp-json\/wp\/v2\/types\/post"}],"author":[{"embeddable":true,"href":"https:\/\/paroisse-auray-pluneret.fr\/index.php\/wp-json\/wp\/v2\/users\/2"}],"replies":[{"embeddable":true,"href":"https:\/\/paroisse-auray-pluneret.fr\/index.php\/wp-json\/wp\/v2\/comments?post=1905"}],"version-history":[{"count":1,"href":"https:\/\/paroisse-auray-pluneret.fr\/index.php\/wp-json\/wp\/v2\/posts\/1905\/revisions"}],"predecessor-version":[{"id":1906,"href":"https:\/\/paroisse-auray-pluneret.fr\/index.php\/wp-json\/wp\/v2\/posts\/1905\/revisions\/1906"}],"wp:featuredmedia":[{"embeddable":true,"href":"https:\/\/paroisse-auray-pluneret.fr\/index.php\/wp-json\/wp\/v2\/media\/1817"}],"wp:attachment":[{"href":"https:\/\/paroisse-auray-pluneret.fr\/index.php\/wp-json\/wp\/v2\/media?parent=1905"}],"wp:term":[{"taxonomy":"category","embeddable":true,"href":"https:\/\/paroisse-auray-pluneret.fr\/index.php\/wp-json\/wp\/v2\/categories?post=1905"},{"taxonomy":"post_tag","embeddable":true,"href":"https:\/\/paroisse-auray-pluneret.fr\/index.php\/wp-json\/wp\/v2\/tags?post=1905"}],"curies":[{"name":"wp","href":"https:\/\/api.w.org\/{rel}","templated":true}]}}