{"id":1865,"date":"2025-12-30T10:00:33","date_gmt":"2025-12-30T09:00:33","guid":{"rendered":"https:\/\/paroisse-auray-pluneret.fr\/?p=1865"},"modified":"2026-01-26T20:43:14","modified_gmt":"2026-01-26T19:43:14","slug":"construire-lunite-chaque-jour-dans-cette-nouvelle-annee-2026","status":"publish","type":"post","link":"https:\/\/paroisse-auray-pluneret.fr\/index.php\/2025\/12\/30\/construire-lunite-chaque-jour-dans-cette-nouvelle-annee-2026\/","title":{"rendered":"Semaine de pri\u00e8re pour l\u2019unit\u00e9 des chr\u00e9tiens : construire l\u2019unit\u00e9 chaque jour"},"content":{"rendered":"\n<p><strong>Le th\u00e8me de la cette ann\u00e9e <\/strong>est tir\u00e9 de la lettre aux \u00c9ph\u00e9siens\u00a0:\u00a0\u00ab\u00a0<strong><em>Il y a un seul corps et un seul esprit, de m\u00eame que votre vocation vous a tous appel\u00e9s \u00e0 une seule esp\u00e9rance<\/em><\/strong>.\u00a0\u00bb Eph 4,4.<\/p>\n\n\n\n<p>Ce th\u00e8me est donc une invitation \u00e0 puiser dans cet h\u00e9ritage chr\u00e9tien commun et \u00e0 approfondir la communion en Christ qui unit ses disciples \u00e0 travers le monde entier. Nous aussi, nous aurons \u00e0 c\u0153ur dans notre ensemble paroissial de nous mettre dans cette tonalit\u00e9 de l\u2019Unit\u00e9.<\/p>\n\n\n\n<p>L\u2019Unit\u00e9 de l\u2019\u00c9glise d\u00e9coule directement de l\u2019Unit\u00e9 de Dieu qu\u2019elle est appel\u00e9e \u00e0 adorer. Il n\u2019y a qu\u2019un seul Dieu et un seul \u00c9vangile, et la dynamique profonde de l\u2019\u00c9glise doit refl\u00e9ter cette r\u00e9alit\u00e9. Le Christ donne toujours \u00e0 son \u00c9glise le don de l\u2019unit\u00e9, mais l\u2019\u00c9glise doit toujours prier et travailler pour maintenir, renforcer et parfaire l\u2019unit\u00e9 que le christ veut pour elle.<\/p>\n\n\n\n<p>Quels sont ces liens de l\u2019unit\u00e9&nbsp;? \u00ab&nbsp;<em>Et surtout, aimez-vous : l\u2019amour est le lien qui unit parfaitement<\/em>&nbsp;\u00bb (Col 3,14). Mais l\u2019unit\u00e9 de l\u2019\u00c9glise en marche est assur\u00e9e aussi par des liens visibles de communion&nbsp;: c\u00e9l\u00e9brations et sacrements et des rencontres fraternelles.<\/p>\n\n\n\n<p>Les ruptures, les d\u00e9saccords, des conduites parfois critiques, existent, qui blessent l\u2019unit\u00e9 du Corps du christ. Le Christ ne nous demande pas de les affronter, d\u2019en faire fi. Au contraire, il nous encourage, par son \u00c9vangile \u00e0 bien les comprendre.<\/p>\n\n\n\n<p>Cette bienheureuse vigilance nous conduit \u00e0 \u00eatre les gardiens de nos fr\u00e8res et s\u0153urs en humanit\u00e9 pour que s\u2019unisse notre diversit\u00e9. Faire corps, \u00eatre unis les uns aux autres par et dans la parole du Christ, c\u2019est chercher ce qui fait davantage sens dans nos vies. Ce n\u2019est pas facile d\u2019\u00eatre toujours dans le sillage de la Parole. Bien trop souvent nos pas prennent des chemins de traverse et nous conduisent \u00e0 la calomnie, au m\u00e9pris de l\u2019autre. Entre les membres d\u2019une communaut\u00e9 existe une diversit\u00e9 de dons, de charges, de conditions sociales, de modes de vie, de sensibilit\u00e9. La grande richesse de cette diversit\u00e9 ne s\u2019oppose pas \u00e0 l\u2019unit\u00e9.<\/p>\n\n\n\n<p>Nous devons construire chaque jour&nbsp;:&nbsp;<strong>\u00ab&nbsp;<em>l\u2019unit\u00e9 de l\u2019Esprit par le lien de la paix<\/em><\/strong>&nbsp;\u00bb. La loi de l\u2019amour, de l\u2019unit\u00e9, exige, de mettre en lumi\u00e8re l\u2019agir de l\u2019autre, cr\u00e9er une fraternit\u00e9 o\u00f9 chacun s\u2019\u00e9panouit, dans un climat o\u00f9 il fait bon vivre. Car, c\u2019est bien l\u2019Esprit qui construit l\u2019unit\u00e9. Cherchons ce qui conduit l\u2019autre, ce qui nous conduit \u00e0 vivre dans l\u2019unit\u00e9 du Christ.<\/p>\n\n\n\n<p>Que cette nouvelle ann\u00e9e 2026 nous rapproche un peu plus, \u00e0 travers nos rencontres fraternelles, nos responsabilit\u00e9s, nos c\u00e9l\u00e9brations pour que nous soyons des t\u00e9moins de l\u2019unit\u00e9 voulu par le Christ.<\/p>\n\n\n\n<p>D\u2019o\u00f9 un renouveau permanent dans notre vocation de chr\u00e9tien, de conversion du c\u0153ur, la connaissance r\u00e9ciproque fraternelle. Car c\u2019est par notre charit\u00e9 que nous devenons gardien les uns des autres et b\u00e2tissons l\u2019Unit\u00e9 dans l\u2019Esp\u00e9rance. <strong>Confions \u00e0 Marie<\/strong> cette nouvelle ann\u00e9e qui par sa pr\u00e9sence soutient nos moments difficiles et accueillons son intercession maternelle.<\/p>\n\n\n\n<p><strong>BONNE ET SAINTE ANNEE 2026<\/strong><\/p>\n\n\n\n<p>P\u00e8re Francis LOISEL<\/p>\n","protected":false},"excerpt":{"rendered":"<p>Le th\u00e8me de la cette ann\u00e9e est tir\u00e9 de la lettre aux \u00c9ph\u00e9siens\u00a0:\u00a0\u00ab\u00a0Il y a un seul corps et un seul esprit, de m\u00eame que votre vocation vous a tous appel\u00e9s \u00e0 une seule esp\u00e9rance.\u00a0\u00bb Eph 4,4. Ce th\u00e8me est donc une invitation \u00e0 puiser dans cet h\u00e9ritage chr\u00e9tien commun et \u00e0 approfondir la communion<a class=\"more-link\" href=\"https:\/\/paroisse-auray-pluneret.fr\/index.php\/2025\/12\/30\/construire-lunite-chaque-jour-dans-cette-nouvelle-annee-2026\/\">Lire la suite <span class=\"screen-reader-text\">\u00ab\u00a0Semaine de pri\u00e8re pour l\u2019unit\u00e9 des chr\u00e9tiens : construire l\u2019unit\u00e9 chaque jour\u00a0\u00bb<\/span><\/a><\/p>\n","protected":false},"author":10,"featured_media":1880,"comment_status":"closed","ping_status":"closed","sticky":false,"template":"","format":"standard","meta":{"_eb_attr":"","iawp_total_views":21,"footnotes":""},"categories":[1],"tags":[],"class_list":["post-1865","post","type-post","status-publish","format-standard","has-post-thumbnail","hentry","category-non-classe","entry"],"_links":{"self":[{"href":"https:\/\/paroisse-auray-pluneret.fr\/index.php\/wp-json\/wp\/v2\/posts\/1865","targetHints":{"allow":["GET"]}}],"collection":[{"href":"https:\/\/paroisse-auray-pluneret.fr\/index.php\/wp-json\/wp\/v2\/posts"}],"about":[{"href":"https:\/\/paroisse-auray-pluneret.fr\/index.php\/wp-json\/wp\/v2\/types\/post"}],"author":[{"embeddable":true,"href":"https:\/\/paroisse-auray-pluneret.fr\/index.php\/wp-json\/wp\/v2\/users\/10"}],"replies":[{"embeddable":true,"href":"https:\/\/paroisse-auray-pluneret.fr\/index.php\/wp-json\/wp\/v2\/comments?post=1865"}],"version-history":[{"count":4,"href":"https:\/\/paroisse-auray-pluneret.fr\/index.php\/wp-json\/wp\/v2\/posts\/1865\/revisions"}],"predecessor-version":[{"id":1936,"href":"https:\/\/paroisse-auray-pluneret.fr\/index.php\/wp-json\/wp\/v2\/posts\/1865\/revisions\/1936"}],"wp:featuredmedia":[{"embeddable":true,"href":"https:\/\/paroisse-auray-pluneret.fr\/index.php\/wp-json\/wp\/v2\/media\/1880"}],"wp:attachment":[{"href":"https:\/\/paroisse-auray-pluneret.fr\/index.php\/wp-json\/wp\/v2\/media?parent=1865"}],"wp:term":[{"taxonomy":"category","embeddable":true,"href":"https:\/\/paroisse-auray-pluneret.fr\/index.php\/wp-json\/wp\/v2\/categories?post=1865"},{"taxonomy":"post_tag","embeddable":true,"href":"https:\/\/paroisse-auray-pluneret.fr\/index.php\/wp-json\/wp\/v2\/tags?post=1865"}],"curies":[{"name":"wp","href":"https:\/\/api.w.org\/{rel}","templated":true}]}}