{"id":1821,"date":"2025-11-26T16:31:17","date_gmt":"2025-11-26T15:31:17","guid":{"rendered":"https:\/\/paroisse-auray-pluneret.fr\/?p=1821"},"modified":"2025-12-01T21:57:28","modified_gmt":"2025-12-01T20:57:28","slug":"lavent","status":"publish","type":"post","link":"https:\/\/paroisse-auray-pluneret.fr\/index.php\/2025\/11\/26\/lavent\/","title":{"rendered":"L&rsquo;Avent"},"content":{"rendered":"\n<p>Peut-\u00eatre l&rsquo;aurez vous remarqu\u00e9, sur les r\u00e9seaux sociaux et dans des publicit\u00e9s, on voit souvent l&rsquo;orthographe \u00ab\u00a0avant\u00a0\u00bb \u00e0 propos du temps qui conduit \u00e0 No\u00ebl. Et bien, c&rsquo;est une erreur ! Certes ces semaines sont avant No\u00ebl mais il est bien question de l&rsquo;Avent avec un E !<\/p>\n\n\n\n<p><strong>Avent comme av\u00e8nement<\/strong><\/p>\n\n\n\n<p>Le terme latin <em>adventus<\/em> signifie av\u00e8nement et a donn\u00e9 le terme \u00ab\u00a0Avent\u00a0\u00bb. Ce temps est li\u00e9 \u00e0 celui de No\u00ebl, il est apparu au VI\u00e8 si\u00e8cle de notre \u00e8re. On pense qu&rsquo;\u00e0 l&rsquo;origine il s&rsquo;agissait d&rsquo;une pr\u00e9paration cat\u00e9ch\u00e9tique \u00e0 la f\u00eate de No\u00ebl, cat\u00e9ch\u00e9tique mais aussi p\u00e9nitentielle. Av\u00e8nement, car si nous nous pr\u00e9parons \u00e0 c\u00e9l\u00e9brer la venue de Dieu parmi les hommes, \u00ab\u00a0<em>le Verbe s&rsquo;est fait chair et il a habit\u00e9 parmi nous<\/em>\u00a0\u00bb (Jn 1, 15 &#8211; Evangile de la messe du jour de No\u00ebl) nous sommes invit\u00e9s \u00e0 regarder encore plus loin, c&rsquo;est-\u00e0-dire la venue du Christ \u00e0 la fin des temps, dans sa gloire, \u00ab\u00a0<em>tenez vous donc pr\u00eats, vous aussi : c&rsquo;est \u00e0 l&rsquo;heure o\u00f9 vous n&rsquo;y penserez pas que le Fils de l&rsquo;homme viendra<\/em>.\u00a0\u00bb (Mt 24, 44 &#8211; Evangile du 1er dimanche de l&rsquo;Avent, ann\u00e9e A)<\/p>\n\n\n\n<p><strong>C\u00e9l\u00e9brer l&rsquo;Avent<\/strong><\/p>\n\n\n\n<p>L&rsquo;Avent dure quatre semaines avec chacune une note particuli\u00e8re. Si nous sommes attentifs durant la c\u00e9l\u00e9bration de la messe nous pourrons nous apercevoir que les deux premi\u00e8res semaines, l&rsquo;accent est mis sur l&rsquo;av\u00e8nement du Christ. Cela s&rsquo;entend dans la liturgie de la Parole, o\u00f9 les premi\u00e8res lectures reprennent les proph\u00e9ties messianiques. L&rsquo;Evangile nous donne \u00e0 m\u00e9diter la venue du Christ \u00e0 la fin des temps (1er dimanche), le minist\u00e8re de Jean le Baptiste avec l&rsquo;appel \u00e0 la conversion (2\u00e8 dimanche) puis Jean le Baptiste comme messager pr\u00e9parant le chemin (3\u00e8 dimanche), ensuite nous tournerons nos regards vers la maternit\u00e9 de la Vierge Marie (4\u00e8 dimanche). Cela s&rsquo;entend \u00e9galement dans les diff\u00e9rentes pri\u00e8res prononc\u00e9es au cours de l&rsquo;eucharistie dominicale. Ainsi dans la pr\u00e9face (pri\u00e8re prononc\u00e9e par le pr\u00eatre juste avant chant du Sanctus), le Christ \u00ab\u00a0<em>viendra de nouveau rev\u00eatu de sa gloire<\/em>.\u00a0\u00bb A partir du 17 d\u00e9cembre, il s&rsquo;agit davantage de pr\u00e9paration \u00e0 la f\u00eate de No\u00ebl et la pr\u00e9face nous invitera alors \u00e0 \u00ab\u00a0<em>entrer d\u00e9j\u00e0 dans le myst\u00e8re de No\u00ebl<\/em>\u00a0\u00bb <\/p>\n\n\n\n<p><strong>Pr\u00e9parer l&rsquo;av\u00e8nement de J\u00e9sus<\/strong><\/p>\n\n\n\n<p>Dans nos rues, les d\u00e9corations foisonnent&#8230; et chez nous ? L&rsquo;Avent dure quatre semaines, pourquoi ne pas manifester que ce temps est un chemin \u00e0 parcourir, dit autrement, que nous sommes invit\u00e9s \u00e0 vivre une progression. Cette progression peut se manifester en d\u00e9corant sa maison, progressivement justement ! Chaque dimanche de l&rsquo;Avent un \u00e9l\u00e9ment de d\u00e9coration peut prendre place. Ce peut-\u00eatre faire \u00e9voluer la cr\u00e8che de semaine en semaine ou de jour en jour si vous avez la chance de poss\u00e9der de nombreux santons. Ajouter peu \u00e0 peu des bougies ou des lumi\u00e8res pour arriver le Jour de No\u00ebl \u00e0 manifester la lumi\u00e8re du Christ : \u00ab\u00a0<em>Je suis la lumi\u00e8re du monde.<\/em>\u00a0\u00bb En famille, ou en couple, pourquoi ne pas prendre un temps de liturgie familiale autour de la traditionnelle couronne de l&rsquo;Avent ? <\/p>\n\n\n\n<p>Nous pourrions, par exemple le samedi soir, nous retrouver autour de cette couronne. Chacun trace un signe de croix sur lui, puis un chant d&rsquo;Avent est entonn\u00e9. Ensuite, l&rsquo;\u00e9vangile du dimanche est lu et chacun \u00e0 tour de r\u00f4le exprime une phrase, un mot qui lui semble important. En silence, un membre de la famille allume la bougie d&rsquo;Avent correspondant \u00e0 la semaine qui va s&rsquo;ouvrir. A la lumi\u00e8re de cette flamme, une ou plusieurs intentions de pri\u00e8re peuvent \u00eatre exprim\u00e9es, entrecoup\u00e9es par un refrain ou du silence. La pri\u00e8re se conclut par un Notre P\u00e8re, \u00ab\u00a0<em>Que ton r\u00e8gne vienne<\/em>\u00a0\u00bb et chacun trace \u00e0 nouveau un signe de croix sur lui. <\/p>\n\n\n\n<p>Ce cheminement vers No\u00ebl peut \u00e9galement \u00eatre davantage personnel : participer \u00e0 la messe de semaine durant le temps de l&rsquo;Avent, entrer dans l&rsquo;\u00e9glise pour une courte pri\u00e8re en faisant ses courses, rejoindre une \u00e9quipe autour d&rsquo;actions solidaires envers les plus pauvres. N&rsquo;h\u00e9sitez pas \u00e0 regarder les propositions paroissiales, l&rsquo;une ou l&rsquo;autre vous rejoindra tr\u00e8s certainement.<\/p>\n\n\n\n<p>Alors \u00e0 tous et \u00e0 chacun&#8230; belle route vers No\u00ebl !<\/p>\n\n\n\n<p><\/p>\n","protected":false},"excerpt":{"rendered":"<p>Peut-\u00eatre l&rsquo;aurez vous remarqu\u00e9, sur les r\u00e9seaux sociaux et dans des publicit\u00e9s, on voit souvent l&rsquo;orthographe \u00ab\u00a0avant\u00a0\u00bb \u00e0 propos du temps qui conduit \u00e0 No\u00ebl. Et bien, c&rsquo;est une erreur ! Certes ces semaines sont avant No\u00ebl mais il est bien question de l&rsquo;Avent avec un E ! Avent comme av\u00e8nement Le terme latin adventus<a class=\"more-link\" href=\"https:\/\/paroisse-auray-pluneret.fr\/index.php\/2025\/11\/26\/lavent\/\">Lire la suite <span class=\"screen-reader-text\">\u00ab\u00a0L&rsquo;Avent\u00a0\u00bb<\/span><\/a><\/p>\n","protected":false},"author":9,"featured_media":1823,"comment_status":"closed","ping_status":"","sticky":false,"template":"","format":"standard","meta":{"_eb_attr":"","iawp_total_views":12,"footnotes":""},"categories":[6],"tags":[],"class_list":["post-1821","post","type-post","status-publish","format-standard","has-post-thumbnail","hentry","category-actu","entry"],"_links":{"self":[{"href":"https:\/\/paroisse-auray-pluneret.fr\/index.php\/wp-json\/wp\/v2\/posts\/1821","targetHints":{"allow":["GET"]}}],"collection":[{"href":"https:\/\/paroisse-auray-pluneret.fr\/index.php\/wp-json\/wp\/v2\/posts"}],"about":[{"href":"https:\/\/paroisse-auray-pluneret.fr\/index.php\/wp-json\/wp\/v2\/types\/post"}],"author":[{"embeddable":true,"href":"https:\/\/paroisse-auray-pluneret.fr\/index.php\/wp-json\/wp\/v2\/users\/9"}],"replies":[{"embeddable":true,"href":"https:\/\/paroisse-auray-pluneret.fr\/index.php\/wp-json\/wp\/v2\/comments?post=1821"}],"version-history":[{"count":5,"href":"https:\/\/paroisse-auray-pluneret.fr\/index.php\/wp-json\/wp\/v2\/posts\/1821\/revisions"}],"predecessor-version":[{"id":1847,"href":"https:\/\/paroisse-auray-pluneret.fr\/index.php\/wp-json\/wp\/v2\/posts\/1821\/revisions\/1847"}],"wp:featuredmedia":[{"embeddable":true,"href":"https:\/\/paroisse-auray-pluneret.fr\/index.php\/wp-json\/wp\/v2\/media\/1823"}],"wp:attachment":[{"href":"https:\/\/paroisse-auray-pluneret.fr\/index.php\/wp-json\/wp\/v2\/media?parent=1821"}],"wp:term":[{"taxonomy":"category","embeddable":true,"href":"https:\/\/paroisse-auray-pluneret.fr\/index.php\/wp-json\/wp\/v2\/categories?post=1821"},{"taxonomy":"post_tag","embeddable":true,"href":"https:\/\/paroisse-auray-pluneret.fr\/index.php\/wp-json\/wp\/v2\/tags?post=1821"}],"curies":[{"name":"wp","href":"https:\/\/api.w.org\/{rel}","templated":true}]}}