{"id":1813,"date":"2025-11-25T20:43:27","date_gmt":"2025-11-25T19:43:27","guid":{"rendered":"https:\/\/paroisse-auray-pluneret.fr\/?p=1813"},"modified":"2025-12-27T07:06:22","modified_gmt":"2025-12-27T06:06:22","slug":"agenda-noel-2025","status":"publish","type":"post","link":"https:\/\/paroisse-auray-pluneret.fr\/index.php\/2025\/11\/25\/agenda-noel-2025\/","title":{"rendered":"Offices No\u00ebl 2025"},"content":{"rendered":"\n<p class=\"has-text-align-right\"><em>Pendant toute la p\u00e9riode de l\u2019Avent, l\u2019office des laudes ouvrira les messes de semaine.<\/em><\/p>\n\n\n\n<p><strong>Lundi 22 d\u00e9cembre \u00e0 10h30<\/strong> : c\u00e9l\u00e9bration p\u00e9nitentielle et messe \u00e0 Saint Gildas.<\/p>\n\n\n\n<p><strong>Mercredi 24 d\u00e9cembre :&nbsp;<\/strong><\/p>\n\n\n\n<ul class=\"wp-block-list\">\n<li>Bienheureux Charles de Blois \u00e0 18h00 : chants de No\u00ebl suivis par la veill\u00e9e et la messe.<\/li>\n\n\n\n<li>Saint Pierre &amp; Saint Paul \u00e0 Pluneret \u00e0 18h30 : veill\u00e9e et messe de No\u00ebl<\/li>\n\n\n\n<li>Saint Gildas \u00e0 19h00 : veill\u00e9e et messe de No\u00ebl<\/li>\n<\/ul>\n\n\n\n<p><strong>Jeudi 25 d\u00e9cembre \u00e0 10h30<\/strong> : messe \u00e9glise Saint Gildas<\/p>\n","protected":false},"excerpt":{"rendered":"<p>Pendant toute la p\u00e9riode de l\u2019Avent, l\u2019office des laudes ouvrira les messes de semaine. Lundi 22 d\u00e9cembre \u00e0 10h30 : c\u00e9l\u00e9bration p\u00e9nitentielle et messe \u00e0 Saint Gildas. Mercredi 24 d\u00e9cembre :&nbsp; Jeudi 25 d\u00e9cembre \u00e0 10h30 : messe \u00e9glise Saint Gildas<\/p>\n","protected":false},"author":7,"featured_media":1817,"comment_status":"closed","ping_status":"","sticky":false,"template":"","format":"standard","meta":{"_eb_attr":"","iawp_total_views":99,"footnotes":""},"categories":[1],"tags":[],"class_list":["post-1813","post","type-post","status-publish","format-standard","has-post-thumbnail","hentry","category-non-classe","entry"],"_links":{"self":[{"href":"https:\/\/paroisse-auray-pluneret.fr\/index.php\/wp-json\/wp\/v2\/posts\/1813","targetHints":{"allow":["GET"]}}],"collection":[{"href":"https:\/\/paroisse-auray-pluneret.fr\/index.php\/wp-json\/wp\/v2\/posts"}],"about":[{"href":"https:\/\/paroisse-auray-pluneret.fr\/index.php\/wp-json\/wp\/v2\/types\/post"}],"author":[{"embeddable":true,"href":"https:\/\/paroisse-auray-pluneret.fr\/index.php\/wp-json\/wp\/v2\/users\/7"}],"replies":[{"embeddable":true,"href":"https:\/\/paroisse-auray-pluneret.fr\/index.php\/wp-json\/wp\/v2\/comments?post=1813"}],"version-history":[{"count":10,"href":"https:\/\/paroisse-auray-pluneret.fr\/index.php\/wp-json\/wp\/v2\/posts\/1813\/revisions"}],"predecessor-version":[{"id":1893,"href":"https:\/\/paroisse-auray-pluneret.fr\/index.php\/wp-json\/wp\/v2\/posts\/1813\/revisions\/1893"}],"wp:featuredmedia":[{"embeddable":true,"href":"https:\/\/paroisse-auray-pluneret.fr\/index.php\/wp-json\/wp\/v2\/media\/1817"}],"wp:attachment":[{"href":"https:\/\/paroisse-auray-pluneret.fr\/index.php\/wp-json\/wp\/v2\/media?parent=1813"}],"wp:term":[{"taxonomy":"category","embeddable":true,"href":"https:\/\/paroisse-auray-pluneret.fr\/index.php\/wp-json\/wp\/v2\/categories?post=1813"},{"taxonomy":"post_tag","embeddable":true,"href":"https:\/\/paroisse-auray-pluneret.fr\/index.php\/wp-json\/wp\/v2\/tags?post=1813"}],"curies":[{"name":"wp","href":"https:\/\/api.w.org\/{rel}","templated":true}]}}