{"id":1804,"date":"2025-11-25T09:02:54","date_gmt":"2025-11-25T08:02:54","guid":{"rendered":"https:\/\/paroisse-auray-pluneret.fr\/?p=1804"},"modified":"2025-11-25T09:14:21","modified_gmt":"2025-11-25T08:14:21","slug":"8-decembre-merci-marie","status":"publish","type":"post","link":"https:\/\/paroisse-auray-pluneret.fr\/index.php\/2025\/11\/25\/8-decembre-merci-marie\/","title":{"rendered":"8 d\u00e9cembre : merci Marie !"},"content":{"rendered":"\n<p>Pour f\u00eater l&rsquo;Immacul\u00e9e Conception lundi 8 d\u00e9cembre, chacun est invit\u00e9 \u00e0 disposer des lumignons au bord de ses fen\u00eatres pour manifester sa communion avec ceux qui c\u00e9l\u00e8brent la lumi\u00e8re.<br>A 18h00, d\u00e9part de la procession du quai Franklin, pr\u00e8s de l\u2019embarcad\u00e8re, vers la chapelle ND de Lourdes, par les petites rues de St Goustan<\/p>\n\n\n<div class=\"wp-block-image\">\n<figure class=\"aligncenter size-full\"><img loading=\"lazy\" decoding=\"async\" width=\"453\" height=\"157\" src=\"https:\/\/paroisse-auray-pluneret.fr\/wp-content\/uploads\/2025\/11\/image-5.png\" alt=\"\" class=\"wp-image-1806\" srcset=\"https:\/\/paroisse-auray-pluneret.fr\/wp-content\/uploads\/2025\/11\/image-5.png 453w, https:\/\/paroisse-auray-pluneret.fr\/wp-content\/uploads\/2025\/11\/image-5-300x104.png 300w\" sizes=\"auto, (max-width: 453px) 100vw, 453px\" \/><\/figure>\n<\/div>","protected":false},"excerpt":{"rendered":"<p>Pour f\u00eater l&rsquo;Immacul\u00e9e Conception lundi 8 d\u00e9cembre, chacun est invit\u00e9 \u00e0 disposer des lumignons au bord de ses fen\u00eatres pour manifester sa communion avec ceux qui c\u00e9l\u00e8brent la lumi\u00e8re.A 18h00, d\u00e9part de la procession du quai Franklin, pr\u00e8s de l\u2019embarcad\u00e8re, vers la chapelle ND de Lourdes, par les petites rues de St Goustan<\/p>\n","protected":false},"author":2,"featured_media":1809,"comment_status":"closed","ping_status":"","sticky":false,"template":"","format":"standard","meta":{"_eb_attr":"","iawp_total_views":26,"footnotes":""},"categories":[6],"tags":[],"class_list":["post-1804","post","type-post","status-publish","format-standard","has-post-thumbnail","hentry","category-actu","entry"],"_links":{"self":[{"href":"https:\/\/paroisse-auray-pluneret.fr\/index.php\/wp-json\/wp\/v2\/posts\/1804","targetHints":{"allow":["GET"]}}],"collection":[{"href":"https:\/\/paroisse-auray-pluneret.fr\/index.php\/wp-json\/wp\/v2\/posts"}],"about":[{"href":"https:\/\/paroisse-auray-pluneret.fr\/index.php\/wp-json\/wp\/v2\/types\/post"}],"author":[{"embeddable":true,"href":"https:\/\/paroisse-auray-pluneret.fr\/index.php\/wp-json\/wp\/v2\/users\/2"}],"replies":[{"embeddable":true,"href":"https:\/\/paroisse-auray-pluneret.fr\/index.php\/wp-json\/wp\/v2\/comments?post=1804"}],"version-history":[{"count":5,"href":"https:\/\/paroisse-auray-pluneret.fr\/index.php\/wp-json\/wp\/v2\/posts\/1804\/revisions"}],"predecessor-version":[{"id":1811,"href":"https:\/\/paroisse-auray-pluneret.fr\/index.php\/wp-json\/wp\/v2\/posts\/1804\/revisions\/1811"}],"wp:featuredmedia":[{"embeddable":true,"href":"https:\/\/paroisse-auray-pluneret.fr\/index.php\/wp-json\/wp\/v2\/media\/1809"}],"wp:attachment":[{"href":"https:\/\/paroisse-auray-pluneret.fr\/index.php\/wp-json\/wp\/v2\/media?parent=1804"}],"wp:term":[{"taxonomy":"category","embeddable":true,"href":"https:\/\/paroisse-auray-pluneret.fr\/index.php\/wp-json\/wp\/v2\/categories?post=1804"},{"taxonomy":"post_tag","embeddable":true,"href":"https:\/\/paroisse-auray-pluneret.fr\/index.php\/wp-json\/wp\/v2\/tags?post=1804"}],"curies":[{"name":"wp","href":"https:\/\/api.w.org\/{rel}","templated":true}]}}