{"id":1778,"date":"2025-11-17T17:04:48","date_gmt":"2025-11-17T16:04:48","guid":{"rendered":"https:\/\/paroisse-auray-pluneret.fr\/?p=1778"},"modified":"2025-11-25T09:03:44","modified_gmt":"2025-11-25T08:03:44","slug":"le-christ-roi-de-lunivers","status":"publish","type":"post","link":"https:\/\/paroisse-auray-pluneret.fr\/index.php\/2025\/11\/17\/le-christ-roi-de-lunivers\/","title":{"rendered":"23 novembre : f\u00eate du Christ Roi de l&rsquo;Univers"},"content":{"rendered":"\n<p>Dans quelques jours nous allons vivre la derni\u00e8re semaine de l&rsquo;ann\u00e9e. Quelques jours ? Mais le 31 d\u00e9cembre est encore loin ! Il ne s&rsquo;agit pas de la derni\u00e8re semaine de notre ann\u00e9e civile, mais de la derni\u00e8re semaine de l&rsquo;ann\u00e9e liturgique. En effet, le premier dimanche de l&rsquo;Avent s&rsquo;ouvrira une nouvelle ann\u00e9e liturgique mais d&rsquo;ici l\u00e0, dimanche 23 novembre, nous c\u00e9l\u00e8brerons la solennit\u00e9 du Christ Roi de l&rsquo;Univers.<\/p>\n\n\n\n<p><strong>La solennit\u00e9 du Christ Roi de l&rsquo;Univers<\/strong>  <\/p>\n\n\n\n<p>La f\u00eate du Christ Roi n&rsquo;est pas tr\u00e8s ancienne puisqu&rsquo;elle a \u00e9t\u00e9 cr\u00e9\u00e9e en 1925 par le pape Pie XI, le dernier dimanche d&rsquo;octobre. Elle a pris une autre place dans le calendrier avec la r\u00e9forme du calendrier liturgique suite au concile Vatican II et est devenue solennit\u00e9 du Christ Roi de l&rsquo;Univers. Elle se c\u00e9l\u00e8bre le 34e dimanche du temps ordinaire, c&rsquo;est-\u00e0-dire le dernier dimanche de l&rsquo;ann\u00e9e liturgique, comme un couronnement de l&rsquo;ann\u00e9e. <\/p>\n\n\n\n<p><strong>Que c\u00e9l\u00e8bre-t-on ?<\/strong><\/p>\n\n\n\n<p>Lors de la cr\u00e9ation de cette f\u00eate, il s&rsquo;agissait d&rsquo;affirmer la royaut\u00e9 du Christ dans un contexte historique o\u00f9 l&rsquo;Eglise protestait contre sa perte de pouvoir dans la soci\u00e9t\u00e9. Le Concile Vatican II a ouvert le sens de cette f\u00eate \u00e0 une dimension eschatologique (eschatologie = discours sur la fin des temps) et souligne son lien avec le Myst\u00e8re Pascal, c&rsquo;est \u00e0 dire, \u00e0 la mort et la r\u00e9surrection du Christ. Dans le Christ, c&rsquo;est la cr\u00e9ation toute enti\u00e8re qui est appel\u00e9e \u00e0 vivre dans le Royaume de Dieu. Nous vivons bien dans le temps, le temps du monde, temps de cette terre et nous le vivons \u00e9galement au fil des jours dans la liturgie. Mais le cycle liturgique s&rsquo;ach\u00e8ve chaque ann\u00e9e et il trouvera son v\u00e9ritable ach\u00e8vement dans \u00ab\u00a0les derniers temps\u00a0\u00bb, lorsque viendra le dernier av\u00e8nement. Cette solennit\u00e9 du Christ Roi est certes la fin d&rsquo;une ann\u00e9e liturgique mais d\u00e9j\u00e0 ouverture vers celle qui suit et s&rsquo;ouvre avec l&rsquo;Avent qui place nos regards vers l&rsquo;av\u00e8nement du Christ : celui dont nous faisons m\u00e9moire lors de la f\u00eate de No\u00ebl mais aussi le dernier av\u00e8nement lorsque le Christ viendra ce que nous chantons chaque dimanche \u00ab\u00a0nous attendons ta venue dans la gloire\u00a0\u00bb.<\/p>\n\n\n\n<p> Au cours de la messe dominicale, les lectures de la Parole de Dieu et les pri\u00e8res nous offriront cette ann\u00e9e, de contempler la royaut\u00e9 du Christ alors m\u00eame qu&rsquo;il est en croix. Royaut\u00e9 bien diff\u00e9rente de celle que nous imaginons en pensant \u00e0 un roi. Le Christ est en croix, entour\u00e9 des deux larrons. Le bon larron lui demande de se souvenir de lui lorsqu&rsquo;il inaugurera son r\u00e8gne (Lc 23, 42) et le Christ lui r\u00e9pond \u00ab\u00a0aujourd&rsquo;hui avec moi tu seras dans le paradis\u00a0\u00bb (Lc 23, 43) Le Royaume devient paradis, lieu o\u00f9 nous sommes appel\u00e9s \u00e0 vivre \u00e9ternellement avec le Christ, aupr\u00e8s du P\u00e8re.<\/p>\n\n\n\n<p><strong>Comment vivre cette solennit\u00e9 ?<\/strong><\/p>\n\n\n\n<p>La solennit\u00e9 du Christ Roi nous tourne vers l&rsquo;esp\u00e9rance puisqu&rsquo;elle nous redit ce vers quoi nous tendons, la vie \u00e9ternelle dans le Royaume de Dieu. Alors rendons gr\u00e2ce pour cela. Rendons gr\u00e2ce \u00e9galement, alors qu&rsquo;une ann\u00e9e liturgique se termine, pour tout ce que nous avons d\u00e9couvert du Christ, \u00e0 l&rsquo;\u00e9coute de la Parole de Dieu, dans la c\u00e9l\u00e9bration de la messe, dans les rencontres que nous avons faites. Demandons au Seigneur d&rsquo;ouvrir notre c\u0153ur pour que l&rsquo;ann\u00e9e qui va s&rsquo;ouvrir dans quelques jours nous permette de reconna\u00eetre la royaut\u00e9 du Christ dans nos vies.<\/p>\n","protected":false},"excerpt":{"rendered":"<p>Dans quelques jours nous allons vivre la derni\u00e8re semaine de l&rsquo;ann\u00e9e. Quelques jours ? Mais le 31 d\u00e9cembre est encore loin ! Il ne s&rsquo;agit pas de la derni\u00e8re semaine de notre ann\u00e9e civile, mais de la derni\u00e8re semaine de l&rsquo;ann\u00e9e liturgique. En effet, le premier dimanche de l&rsquo;Avent s&rsquo;ouvrira une nouvelle ann\u00e9e liturgique mais<a class=\"more-link\" href=\"https:\/\/paroisse-auray-pluneret.fr\/index.php\/2025\/11\/17\/le-christ-roi-de-lunivers\/\">Lire la suite <span class=\"screen-reader-text\">\u00ab\u00a023 novembre : f\u00eate du Christ Roi de l&rsquo;Univers\u00a0\u00bb<\/span><\/a><\/p>\n","protected":false},"author":9,"featured_media":1779,"comment_status":"closed","ping_status":"","sticky":false,"template":"","format":"standard","meta":{"_eb_attr":"","iawp_total_views":14,"footnotes":""},"categories":[1],"tags":[],"class_list":["post-1778","post","type-post","status-publish","format-standard","has-post-thumbnail","hentry","category-non-classe","entry"],"_links":{"self":[{"href":"https:\/\/paroisse-auray-pluneret.fr\/index.php\/wp-json\/wp\/v2\/posts\/1778","targetHints":{"allow":["GET"]}}],"collection":[{"href":"https:\/\/paroisse-auray-pluneret.fr\/index.php\/wp-json\/wp\/v2\/posts"}],"about":[{"href":"https:\/\/paroisse-auray-pluneret.fr\/index.php\/wp-json\/wp\/v2\/types\/post"}],"author":[{"embeddable":true,"href":"https:\/\/paroisse-auray-pluneret.fr\/index.php\/wp-json\/wp\/v2\/users\/9"}],"replies":[{"embeddable":true,"href":"https:\/\/paroisse-auray-pluneret.fr\/index.php\/wp-json\/wp\/v2\/comments?post=1778"}],"version-history":[{"count":2,"href":"https:\/\/paroisse-auray-pluneret.fr\/index.php\/wp-json\/wp\/v2\/posts\/1778\/revisions"}],"predecessor-version":[{"id":1802,"href":"https:\/\/paroisse-auray-pluneret.fr\/index.php\/wp-json\/wp\/v2\/posts\/1778\/revisions\/1802"}],"wp:featuredmedia":[{"embeddable":true,"href":"https:\/\/paroisse-auray-pluneret.fr\/index.php\/wp-json\/wp\/v2\/media\/1779"}],"wp:attachment":[{"href":"https:\/\/paroisse-auray-pluneret.fr\/index.php\/wp-json\/wp\/v2\/media?parent=1778"}],"wp:term":[{"taxonomy":"category","embeddable":true,"href":"https:\/\/paroisse-auray-pluneret.fr\/index.php\/wp-json\/wp\/v2\/categories?post=1778"},{"taxonomy":"post_tag","embeddable":true,"href":"https:\/\/paroisse-auray-pluneret.fr\/index.php\/wp-json\/wp\/v2\/tags?post=1778"}],"curies":[{"name":"wp","href":"https:\/\/api.w.org\/{rel}","templated":true}]}}