{"id":1772,"date":"2025-11-09T20:47:05","date_gmt":"2025-11-09T19:47:05","guid":{"rendered":"https:\/\/paroisse-auray-pluneret.fr\/?p=1772"},"modified":"2025-11-27T10:14:14","modified_gmt":"2025-11-27T09:14:14","slug":"25-11-lectio-divina-lire-et-savourer-ensemble-la-parole-de-dieu","status":"publish","type":"post","link":"https:\/\/paroisse-auray-pluneret.fr\/index.php\/2025\/11\/09\/25-11-lectio-divina-lire-et-savourer-ensemble-la-parole-de-dieu\/","title":{"rendered":"25\/11 : Lectio divina, lire et savourer ensemble la Parole de Dieu"},"content":{"rendered":"\n<p>C&rsquo;est quelque chose de tout simple&nbsp;: cela consiste \u00e0 prendre un texte de la Parole de Dieu, \u00e0 le lire, \u00e0  le m\u00e9diter, et ensuite \u00e0 prier \u00e0 partir de ce texte. \u00c7a ne demande aucune pr\u00e9paration et \u00e7a dure  environ une heure. Une seule condition pour participer&nbsp;: ne pas avoir peur des temps de silence, pour \u00e9couter ce que Dieu a \u00e0 nous dire.<\/p>\n\n\n\n<p>Venez, et vous verrez.<\/p>\n\n\n\n<p>De 18h \u00e0 19h, chez les Soeurs de la charit\u00e9 de St Louis (P\u00e8re Eternel) ; entr\u00e9e principale (et non la chapelle) :<\/p>\n\n\n\n<p>Dates \u00e0 venir : <\/p>\n\n\n\n<p>\u00ad 25\/11\/2025<br>\u00ad 09\/12\/2025<br>\u00ad 16\/12\/2025<br>\u00ad 06\/01\/2026<br>\u00ad 20\/01\/2026<br>\u00ad 03\/02\/2026<br>\u00ad 17\/02\/2026<br>\u00ad 03\/03\/2026<br>\u00ad 17\/03\/2026<br>\u00ad 31\/03\/2026<br>\u00ad 14\/04\/2026<br>\u00ad 28\/04\/2026<br>\u00ad 12\/05\/2026<br>\u00ad 26\/05\/2026<br>\u00ad 09\/06\/2026<br>\u00ad 23\/06\/2026<br>\u00ad 07\/07\/2026<\/p>\n","protected":false},"excerpt":{"rendered":"<p>C&rsquo;est quelque chose de tout simple&nbsp;: cela consiste \u00e0 prendre un texte de la Parole de Dieu, \u00e0 le lire, \u00e0 le m\u00e9diter, et ensuite \u00e0 prier \u00e0 partir de ce texte. \u00c7a ne demande aucune pr\u00e9paration et \u00e7a dure environ une heure. Une seule condition pour participer&nbsp;: ne pas avoir peur des temps de<a class=\"more-link\" href=\"https:\/\/paroisse-auray-pluneret.fr\/index.php\/2025\/11\/09\/25-11-lectio-divina-lire-et-savourer-ensemble-la-parole-de-dieu\/\">Lire la suite <span class=\"screen-reader-text\">\u00ab\u00a025\/11 : Lectio divina, lire et savourer ensemble la Parole de Dieu\u00a0\u00bb<\/span><\/a><\/p>\n","protected":false},"author":2,"featured_media":1773,"comment_status":"closed","ping_status":"closed","sticky":false,"template":"","format":"standard","meta":{"_eb_attr":"","iawp_total_views":13,"footnotes":""},"categories":[1],"tags":[],"class_list":["post-1772","post","type-post","status-publish","format-standard","has-post-thumbnail","hentry","category-non-classe","entry"],"_links":{"self":[{"href":"https:\/\/paroisse-auray-pluneret.fr\/index.php\/wp-json\/wp\/v2\/posts\/1772","targetHints":{"allow":["GET"]}}],"collection":[{"href":"https:\/\/paroisse-auray-pluneret.fr\/index.php\/wp-json\/wp\/v2\/posts"}],"about":[{"href":"https:\/\/paroisse-auray-pluneret.fr\/index.php\/wp-json\/wp\/v2\/types\/post"}],"author":[{"embeddable":true,"href":"https:\/\/paroisse-auray-pluneret.fr\/index.php\/wp-json\/wp\/v2\/users\/2"}],"replies":[{"embeddable":true,"href":"https:\/\/paroisse-auray-pluneret.fr\/index.php\/wp-json\/wp\/v2\/comments?post=1772"}],"version-history":[{"count":2,"href":"https:\/\/paroisse-auray-pluneret.fr\/index.php\/wp-json\/wp\/v2\/posts\/1772\/revisions"}],"predecessor-version":[{"id":1775,"href":"https:\/\/paroisse-auray-pluneret.fr\/index.php\/wp-json\/wp\/v2\/posts\/1772\/revisions\/1775"}],"wp:featuredmedia":[{"embeddable":true,"href":"https:\/\/paroisse-auray-pluneret.fr\/index.php\/wp-json\/wp\/v2\/media\/1773"}],"wp:attachment":[{"href":"https:\/\/paroisse-auray-pluneret.fr\/index.php\/wp-json\/wp\/v2\/media?parent=1772"}],"wp:term":[{"taxonomy":"category","embeddable":true,"href":"https:\/\/paroisse-auray-pluneret.fr\/index.php\/wp-json\/wp\/v2\/categories?post=1772"},{"taxonomy":"post_tag","embeddable":true,"href":"https:\/\/paroisse-auray-pluneret.fr\/index.php\/wp-json\/wp\/v2\/tags?post=1772"}],"curies":[{"name":"wp","href":"https:\/\/api.w.org\/{rel}","templated":true}]}}