{"id":1749,"date":"2025-10-15T21:13:29","date_gmt":"2025-10-15T19:13:29","guid":{"rendered":"https:\/\/paroisse-auray-pluneret.fr\/?p=1749"},"modified":"2025-11-13T08:39:43","modified_gmt":"2025-11-13T07:39:43","slug":"agir-et-prier-pour-la-cop-30","status":"publish","type":"post","link":"https:\/\/paroisse-auray-pluneret.fr\/index.php\/2025\/10\/15\/agir-et-prier-pour-la-cop-30\/","title":{"rendered":"Mercredi 12 novembre, port de Vannes,\u00a0entre\u00a012h et 13h, cercle de silence : prier pour la COP 30"},"content":{"rendered":"\n<p>Alors m\u00eame que se d\u00e9roulera la CP30 au Br\u00e9sil du 10 au 21 novembre, le collectif Lutte &amp; Contemplation coordonne un appel \u00e0 vivre des cercles de silence pour prier et interpeller les consciences en un lieu public.<\/p>\n\n\n\n<p><strong>Un cercle est organis\u00e9 sur l&rsquo;esplanade Simone Veil, au port de\u00a0Vannes,\u00a0le mercredi 12 novembre\u00a0entre\u00a012h00 et 13h00.<\/strong><\/p>\n\n\n\n<p>L&rsquo;an dernier, le cercle avait rassembl\u00e9 une cinquantaine de personnes, incluant quelques scolaires. Nous comptons sur davantage de participants cette ann\u00e9e.&nbsp;<\/p>\n\n\n\n<p>Nous vous attendons nombreuses et nombreux pour cet \u00e9v\u00e8nement&nbsp;!<\/p>\n\n\n\n<p><em><strong>Pensez \u00e0 prendre des v\u00eatements chauds !<\/strong><\/em><\/p>\n\n\n\n<p>N&rsquo;h\u00e9sitez pas \u00e0 partager cette proposition autour de vous.<\/p>\n\n\n\n<p>Pour tout renseignements, vous pouvez contacter Pierre Dupouet&nbsp;<a href=\"mailto:pierre.dupouet@ecomail.fr\" target=\"_blank\" rel=\"noreferrer noopener\">pierre.dupouet@ecomail.fr<\/a><\/p>\n","protected":false},"excerpt":{"rendered":"<p>Alors m\u00eame que se d\u00e9roulera la CP30 au Br\u00e9sil du 10 au 21 novembre, le collectif Lutte &amp; Contemplation coordonne un appel \u00e0 vivre des cercles de silence pour prier et interpeller les consciences en un lieu public. Un cercle est organis\u00e9 sur l&rsquo;esplanade Simone Veil, au port de\u00a0Vannes,\u00a0le mercredi 12 novembre\u00a0entre\u00a012h00 et 13h00. L&rsquo;an<a class=\"more-link\" href=\"https:\/\/paroisse-auray-pluneret.fr\/index.php\/2025\/10\/15\/agir-et-prier-pour-la-cop-30\/\">Lire la suite <span class=\"screen-reader-text\">\u00ab\u00a0Mercredi 12 novembre, port de Vannes,\u00a0entre\u00a012h et 13h, cercle de silence : prier pour la COP 30\u00a0\u00bb<\/span><\/a><\/p>\n","protected":false},"author":2,"featured_media":1750,"comment_status":"closed","ping_status":"closed","sticky":false,"template":"","format":"standard","meta":{"_eb_attr":"","iawp_total_views":7,"footnotes":""},"categories":[1],"tags":[],"class_list":["post-1749","post","type-post","status-publish","format-standard","has-post-thumbnail","hentry","category-non-classe","entry"],"_links":{"self":[{"href":"https:\/\/paroisse-auray-pluneret.fr\/index.php\/wp-json\/wp\/v2\/posts\/1749","targetHints":{"allow":["GET"]}}],"collection":[{"href":"https:\/\/paroisse-auray-pluneret.fr\/index.php\/wp-json\/wp\/v2\/posts"}],"about":[{"href":"https:\/\/paroisse-auray-pluneret.fr\/index.php\/wp-json\/wp\/v2\/types\/post"}],"author":[{"embeddable":true,"href":"https:\/\/paroisse-auray-pluneret.fr\/index.php\/wp-json\/wp\/v2\/users\/2"}],"replies":[{"embeddable":true,"href":"https:\/\/paroisse-auray-pluneret.fr\/index.php\/wp-json\/wp\/v2\/comments?post=1749"}],"version-history":[{"count":4,"href":"https:\/\/paroisse-auray-pluneret.fr\/index.php\/wp-json\/wp\/v2\/posts\/1749\/revisions"}],"predecessor-version":[{"id":1755,"href":"https:\/\/paroisse-auray-pluneret.fr\/index.php\/wp-json\/wp\/v2\/posts\/1749\/revisions\/1755"}],"wp:featuredmedia":[{"embeddable":true,"href":"https:\/\/paroisse-auray-pluneret.fr\/index.php\/wp-json\/wp\/v2\/media\/1750"}],"wp:attachment":[{"href":"https:\/\/paroisse-auray-pluneret.fr\/index.php\/wp-json\/wp\/v2\/media?parent=1749"}],"wp:term":[{"taxonomy":"category","embeddable":true,"href":"https:\/\/paroisse-auray-pluneret.fr\/index.php\/wp-json\/wp\/v2\/categories?post=1749"},{"taxonomy":"post_tag","embeddable":true,"href":"https:\/\/paroisse-auray-pluneret.fr\/index.php\/wp-json\/wp\/v2\/tags?post=1749"}],"curies":[{"name":"wp","href":"https:\/\/api.w.org\/{rel}","templated":true}]}}