{"id":1722,"date":"2025-09-10T17:53:55","date_gmt":"2025-09-10T15:53:55","guid":{"rendered":"https:\/\/paroisse-auray-pluneret.fr\/?p=1722"},"modified":"2025-11-05T20:57:11","modified_gmt":"2025-11-05T19:57:11","slug":"le-nouveau-film-baroudeurs-du-christ-en-grande-premiere-a-carnac","status":"publish","type":"post","link":"https:\/\/paroisse-auray-pluneret.fr\/index.php\/2025\/09\/10\/le-nouveau-film-baroudeurs-du-christ-en-grande-premiere-a-carnac\/","title":{"rendered":"5 novembre : le film\u00a0BAROUDEURS DU CHRIST\u00a0en grande-premi\u00e8re \u00e0 Carnac"},"content":{"rendered":"\n<p>le P\u00e8re Gabriel de L\u00e9pinau, incardin\u00e9 au Dioc\u00e8se de Vannes au titre des Missions \u00c9trang\u00e8res de Paris,  sera pr\u00e9sent lors de cette projection pour un temps d&rsquo;\u00e9change \u00e0 la suite du film.<\/p>\n\n\n\n<p><strong>Pour en savoir plus :<\/strong>  <a href=\"https:\/\/www.baroudeursduchrist.com\" target=\"_blank\" rel=\"noreferrer noopener\">https:\/\/www.baroudeursduchrist.com<\/a><\/p>\n\n\n\n<figure class=\"wp-block-image size-large\"><img loading=\"lazy\" decoding=\"async\" width=\"1024\" height=\"202\" src=\"https:\/\/paroisse-auray-pluneret.fr\/wp-content\/uploads\/2025\/09\/image-5-1024x202.png\" alt=\"\" class=\"wp-image-1728\" srcset=\"https:\/\/paroisse-auray-pluneret.fr\/wp-content\/uploads\/2025\/09\/image-5-1024x202.png 1024w, https:\/\/paroisse-auray-pluneret.fr\/wp-content\/uploads\/2025\/09\/image-5-300x59.png 300w, https:\/\/paroisse-auray-pluneret.fr\/wp-content\/uploads\/2025\/09\/image-5-768x151.png 768w, https:\/\/paroisse-auray-pluneret.fr\/wp-content\/uploads\/2025\/09\/image-5.png 1325w\" sizes=\"auto, (max-width: 1024px) 100vw, 1024px\" \/><\/figure>\n","protected":false},"excerpt":{"rendered":"<p>le P\u00e8re Gabriel de L\u00e9pinau, incardin\u00e9 au Dioc\u00e8se de Vannes au titre des Missions \u00c9trang\u00e8res de Paris, sera pr\u00e9sent lors de cette projection pour un temps d&rsquo;\u00e9change \u00e0 la suite du film. Pour en savoir plus : https:\/\/www.baroudeursduchrist.com<\/p>\n","protected":false},"author":2,"featured_media":1723,"comment_status":"closed","ping_status":"closed","sticky":false,"template":"","format":"standard","meta":{"_eb_attr":"","iawp_total_views":22,"footnotes":""},"categories":[1],"tags":[],"class_list":["post-1722","post","type-post","status-publish","format-standard","has-post-thumbnail","hentry","category-non-classe","entry"],"_links":{"self":[{"href":"https:\/\/paroisse-auray-pluneret.fr\/index.php\/wp-json\/wp\/v2\/posts\/1722","targetHints":{"allow":["GET"]}}],"collection":[{"href":"https:\/\/paroisse-auray-pluneret.fr\/index.php\/wp-json\/wp\/v2\/posts"}],"about":[{"href":"https:\/\/paroisse-auray-pluneret.fr\/index.php\/wp-json\/wp\/v2\/types\/post"}],"author":[{"embeddable":true,"href":"https:\/\/paroisse-auray-pluneret.fr\/index.php\/wp-json\/wp\/v2\/users\/2"}],"replies":[{"embeddable":true,"href":"https:\/\/paroisse-auray-pluneret.fr\/index.php\/wp-json\/wp\/v2\/comments?post=1722"}],"version-history":[{"count":6,"href":"https:\/\/paroisse-auray-pluneret.fr\/index.php\/wp-json\/wp\/v2\/posts\/1722\/revisions"}],"predecessor-version":[{"id":1732,"href":"https:\/\/paroisse-auray-pluneret.fr\/index.php\/wp-json\/wp\/v2\/posts\/1722\/revisions\/1732"}],"wp:featuredmedia":[{"embeddable":true,"href":"https:\/\/paroisse-auray-pluneret.fr\/index.php\/wp-json\/wp\/v2\/media\/1723"}],"wp:attachment":[{"href":"https:\/\/paroisse-auray-pluneret.fr\/index.php\/wp-json\/wp\/v2\/media?parent=1722"}],"wp:term":[{"taxonomy":"category","embeddable":true,"href":"https:\/\/paroisse-auray-pluneret.fr\/index.php\/wp-json\/wp\/v2\/categories?post=1722"},{"taxonomy":"post_tag","embeddable":true,"href":"https:\/\/paroisse-auray-pluneret.fr\/index.php\/wp-json\/wp\/v2\/tags?post=1722"}],"curies":[{"name":"wp","href":"https:\/\/api.w.org\/{rel}","templated":true}]}}