{"id":1712,"date":"2025-10-26T15:54:23","date_gmt":"2025-10-26T14:54:23","guid":{"rendered":"https:\/\/paroisse-auray-pluneret.fr\/?p=1712"},"modified":"2025-10-27T07:37:48","modified_gmt":"2025-10-27T06:37:48","slug":"edito-de-novembre-etre-un-temoin-courageux-du-christ","status":"publish","type":"post","link":"https:\/\/paroisse-auray-pluneret.fr\/index.php\/2025\/10\/26\/edito-de-novembre-etre-un-temoin-courageux-du-christ\/","title":{"rendered":"Edito de novembre : \u00eatre un t\u00e9moin courageux du Christ"},"content":{"rendered":"\n<p>Une certaine d\u00e9gradation m\u00e9t\u00e9orologique en novembre , une baisse progressive de la luminosit\u00e9 et de plus le changement d\u2019heure\u2026Tout cela peut influencer notre psychique, voire notre physique . C\u2019est le mois o\u00f9 la VIE et la lumi\u00e8re se cachent \u00e0 notre regard, comme nos d\u00e9funts. Ne tombons pas dans la d\u00e9sesp\u00e9rance, mais dans une r\u00e9surrection. Comme nous l\u2019a rappel\u00e9 le message de notre \u00e9v\u00eaque le mois dernier \u00ab\u00a0<em>ne ralentissons pas notre \u00e9lan\u00a0\u00bb.<\/em><\/p>\n\n\n\n<p>La f\u00eate de la TOUSSAINT est s\u00e9parable du jour de pri\u00e8re pour les d\u00e9funts que l\u2019Eglise comm\u00e9more le 2 Nov. A la Toussaint, l\u2019Eglise honore la foule innombrable de ceux et de celles qui ont \u00e9t\u00e9 des vivants et des lumineux t\u00e9moins du Christ, souvent \u00e0 travers des vies tout ordinaires. Les mod\u00e8les qui nous sont donn\u00e9s comme r\u00e9cemment ce jeune Carlos ACUTIS, ce sont ceux et celles qui nous rappellent que devenir SAINT, c\u2019est \u00e0 la port\u00e9e de tous. Certes, nos chemins sont diff\u00e9rents, mais parfois surprenants ou inattendus, mais tous accessibles.<\/p>\n\n\n\n<p>Le Forum Missionnaire \u00e0 Bercy, nous remet dans cette tonalit\u00e9 de l\u2019ESPERANCE\u2026<\/p>\n\n\n\n<p>Notre Pape L\u00e9on XIV en redonnant une dynamique pour la journ\u00e9e mondiale de la jeunesse, c\u00e9l\u00e9br\u00e9e le 23 Novembre nous invite avec la force de l\u2019Esprit Saint en tant que p\u00e8lerins de l\u2019esp\u00e9rance \u00e0 devenir des \u00ab&nbsp;<strong>t\u00e9moins courageux du Christ<\/strong>&nbsp;\u00bb.<\/p>\n\n\n\n<p>Le Pape souligne deux aspects du t\u00e9moignage\u00a0: \u00ab\u00a0<em>notre amiti\u00e9 avec J\u00e9sus, que nous recevons de Dieu comme un don, et l\u2019engagement de chacun dans la soci\u00e9t\u00e9 en tant que b\u00e2tisseurs de paix.<\/em>\u00a0\u00bb c\u2019est aussi le sens de son Exhortation Apostolique \u00ab\u00a0Dilexi te\u00a0\u00bb-\u00ab\u00a0<em>je t\u2019ai aim\u00e9<\/em>\u00a0\u00bb : le pape se penche sur\u00a0<em>\u00ab\u00a0l\u2019amour humain et divin du c\u0153ur de J\u00e9sus-Christ\u00a0\u00bb<\/em>, celui-l\u00e0 m\u00eame qui\u00a0<em>\u00ab\u00a0nous a aim\u00e9s\u00a0\u00bb<\/em>.<\/p>\n\n\n\n<p>Les b\u00e9atitudes nous invitent \u00e0 \u00eatre \u00e0 la fois heureux et d\u00e9munis, dans la certitude que par l\u00e0 nous sommes pris en charge par Dieu, parce que nous sommes alors \u00e0 son image et ressemblance.<\/p>\n\n\n\n<p>C\u2019est ainsi que ce mois de Novembre deviendra pour chacun un appel au <strong>BONHEUR<\/strong>&nbsp;.<\/p>\n\n\n\n<p class=\"has-text-align-right\">P\u00e8re Francis LOISEL<\/p>\n","protected":false},"excerpt":{"rendered":"<p>Une certaine d\u00e9gradation m\u00e9t\u00e9orologique en novembre , une baisse progressive de la luminosit\u00e9 et de plus le changement d\u2019heure\u2026Tout cela peut influencer notre psychique, voire notre physique . C\u2019est le mois o\u00f9 la VIE et la lumi\u00e8re se cachent \u00e0 notre regard, comme nos d\u00e9funts. Ne tombons pas dans la d\u00e9sesp\u00e9rance, mais dans une r\u00e9surrection.<a class=\"more-link\" href=\"https:\/\/paroisse-auray-pluneret.fr\/index.php\/2025\/10\/26\/edito-de-novembre-etre-un-temoin-courageux-du-christ\/\">Lire la suite <span class=\"screen-reader-text\">\u00ab\u00a0Edito de novembre : \u00eatre un t\u00e9moin courageux du Christ\u00a0\u00bb<\/span><\/a><\/p>\n","protected":false},"author":2,"featured_media":413,"comment_status":"closed","ping_status":"closed","sticky":false,"template":"","format":"standard","meta":{"_eb_attr":"","iawp_total_views":13,"footnotes":""},"categories":[6],"tags":[],"class_list":["post-1712","post","type-post","status-publish","format-standard","has-post-thumbnail","hentry","category-actu","entry"],"_links":{"self":[{"href":"https:\/\/paroisse-auray-pluneret.fr\/index.php\/wp-json\/wp\/v2\/posts\/1712","targetHints":{"allow":["GET"]}}],"collection":[{"href":"https:\/\/paroisse-auray-pluneret.fr\/index.php\/wp-json\/wp\/v2\/posts"}],"about":[{"href":"https:\/\/paroisse-auray-pluneret.fr\/index.php\/wp-json\/wp\/v2\/types\/post"}],"author":[{"embeddable":true,"href":"https:\/\/paroisse-auray-pluneret.fr\/index.php\/wp-json\/wp\/v2\/users\/2"}],"replies":[{"embeddable":true,"href":"https:\/\/paroisse-auray-pluneret.fr\/index.php\/wp-json\/wp\/v2\/comments?post=1712"}],"version-history":[{"count":2,"href":"https:\/\/paroisse-auray-pluneret.fr\/index.php\/wp-json\/wp\/v2\/posts\/1712\/revisions"}],"predecessor-version":[{"id":1714,"href":"https:\/\/paroisse-auray-pluneret.fr\/index.php\/wp-json\/wp\/v2\/posts\/1712\/revisions\/1714"}],"wp:featuredmedia":[{"embeddable":true,"href":"https:\/\/paroisse-auray-pluneret.fr\/index.php\/wp-json\/wp\/v2\/media\/413"}],"wp:attachment":[{"href":"https:\/\/paroisse-auray-pluneret.fr\/index.php\/wp-json\/wp\/v2\/media?parent=1712"}],"wp:term":[{"taxonomy":"category","embeddable":true,"href":"https:\/\/paroisse-auray-pluneret.fr\/index.php\/wp-json\/wp\/v2\/categories?post=1712"},{"taxonomy":"post_tag","embeddable":true,"href":"https:\/\/paroisse-auray-pluneret.fr\/index.php\/wp-json\/wp\/v2\/tags?post=1712"}],"curies":[{"name":"wp","href":"https:\/\/api.w.org\/{rel}","templated":true}]}}