{"id":1694,"date":"2025-10-18T16:21:54","date_gmt":"2025-10-18T14:21:54","guid":{"rendered":"https:\/\/paroisse-auray-pluneret.fr\/?p=1694"},"modified":"2025-11-06T20:12:16","modified_gmt":"2025-11-06T19:12:16","slug":"le-pape-a-publie-le-9-octobre-sa-premiere-exhortationapostolique-dilexi-te-je-tai-aime","status":"publish","type":"post","link":"https:\/\/paroisse-auray-pluneret.fr\/index.php\/2025\/10\/18\/le-pape-a-publie-le-9-octobre-sa-premiere-exhortationapostolique-dilexi-te-je-tai-aime\/","title":{"rendered":"Le Pape a publi\u00e9 sa premi\u00e8re exhortation apostolique \u00ab\u00a0Dilexi te\u00a0\u00bb (\u00ab Je t\u2019ai aim\u00e9\u00a0\u00bb)"},"content":{"rendered":"\n<p>L\u00e9on&nbsp;XIV fait de l\u2019attention aux pauvres une n\u00e9cessit\u00e9 pour les catholiques. Face aux h\u00e9r\u00e9sies contemporaines, il durcit le ton&nbsp;: oublier ou m\u00e9priser les pauvres ne rel\u00e8ve pas de la simple indiff\u00e9rence morale, mais d\u2019une rupture avec l\u2019\u00c9vangile.<\/p>\n\n\n\n<p>Cette exhortation reprend un texte amorc\u00e9 par le pape Fran\u00e7ois avant sa mort, et consacr\u00e9 \u00e0 la pauvret\u00e9. L\u00e9on&nbsp;XIV confirme les engagements de son pr\u00e9d\u00e9cesseur, et pousse la coh\u00e9rence jusqu\u2019au bout : \u00ab&nbsp;la charit\u00e9 n\u2019est pas une voie facultative, mais le crit\u00e8re du vrai culte&nbsp;\u00bb (\u00a7 42). Le pape engage ici une relecture de ce que signifie \u00eatre catholique.<\/p>\n\n\n\n<p>L\u00e9on&nbsp;XIV ne signe pas un texte social de plus, il renverse une hi\u00e9rarchie implicite&nbsp;: on ne peut plus dire \u00ab&nbsp;j\u2019ai la foi&nbsp;donc je m\u2019engage pour les pauvres&nbsp;\u00bb. C\u2019est pr\u00e9cis\u00e9ment l\u2019inverse&nbsp;: la rencontre avec le Christ, but de toute vie chr\u00e9tienne, a lieu en priorit\u00e9 dans la rencontre avec les pauvres. \u00ab&nbsp;Nous ne sommes pas dans le domaine de la bienfaisance, mais dans celui de la R\u00e9v\u00e9lation&nbsp;\u00bb, insiste L\u00e9on&nbsp;XIV (\u00a7&nbsp;5). L\u2019engagement pour les pr\u00e9caires, les migrants, les malades, les personnes \u00e2g\u00e9es isol\u00e9es, ceux qui vivent dans la rue, n\u2019est pas une cons\u00e9quence sociale de la foi&nbsp;: c\u2019est la foi elle-m\u00eame.<\/p>\n\n\n\n<p>L\u2019\u00ab&nbsp;option pr\u00e9f\u00e9rentielle pour les pauvres&nbsp;\u00bb, expression souvent r\u00e9duite \u00e0 un courant ou une sensibilit\u00e9 dans l\u2019\u00c9glise, retrouve ici sa signification premi\u00e8re, th\u00e9ologique&nbsp;: ce n\u2019est pas une option humaine, c\u2019est un choix de Dieu. C\u2019est Lui qui les pr\u00e9f\u00e8re. \u00ab&nbsp;Dieu montre en effet une pr\u00e9dilection pour les pauvres&nbsp;: c\u2019est d\u2019abord \u00e0 eux que s\u2019adresse la parole d\u2019esp\u00e9rance et de lib\u00e9ration du Seigneur\u2026&nbsp;\u00bb (\u00a7&nbsp;21).<\/p>\n\n\n\n<p>[texte paru dans La Croix le 9\/10\/2025, sous la plume de Mikael Corre]<\/p>\n\n\n\n<p>Voici un lien pour t\u00e9l\u00e9charger le <a href=\"https:\/\/static.bayard.io\/la-croix.com\/cue\/download\/Dilexi-te-l-exhortation-apostolique-du-pape-Leon-XIV-1.pdf\" data-type=\"link\" data-id=\"https:\/\/static.bayard.io\/la-croix.com\/cue\/download\/Dilexi-te-l-exhortation-apostolique-du-pape-Leon-XIV-1.pdf\" target=\"_blank\" rel=\"noreferrer noopener\">texte de l\u2019exhortation<\/a><\/p>\n","protected":false},"excerpt":{"rendered":"<p>L\u00e9on&nbsp;XIV fait de l\u2019attention aux pauvres une n\u00e9cessit\u00e9 pour les catholiques. Face aux h\u00e9r\u00e9sies contemporaines, il durcit le ton&nbsp;: oublier ou m\u00e9priser les pauvres ne rel\u00e8ve pas de la simple indiff\u00e9rence morale, mais d\u2019une rupture avec l\u2019\u00c9vangile. Cette exhortation reprend un texte amorc\u00e9 par le pape Fran\u00e7ois avant sa mort, et consacr\u00e9 \u00e0 la pauvret\u00e9.<a class=\"more-link\" href=\"https:\/\/paroisse-auray-pluneret.fr\/index.php\/2025\/10\/18\/le-pape-a-publie-le-9-octobre-sa-premiere-exhortationapostolique-dilexi-te-je-tai-aime\/\">Lire la suite <span class=\"screen-reader-text\">\u00ab\u00a0Le Pape a publi\u00e9 sa premi\u00e8re exhortation apostolique \u00ab\u00a0Dilexi te\u00a0\u00bb (\u00ab Je t\u2019ai aim\u00e9\u00a0\u00bb)\u00a0\u00bb<\/span><\/a><\/p>\n","protected":false},"author":2,"featured_media":1698,"comment_status":"closed","ping_status":"closed","sticky":false,"template":"","format":"standard","meta":{"_eb_attr":"","iawp_total_views":7,"footnotes":""},"categories":[1],"tags":[],"class_list":["post-1694","post","type-post","status-publish","format-standard","has-post-thumbnail","hentry","category-non-classe","entry"],"_links":{"self":[{"href":"https:\/\/paroisse-auray-pluneret.fr\/index.php\/wp-json\/wp\/v2\/posts\/1694","targetHints":{"allow":["GET"]}}],"collection":[{"href":"https:\/\/paroisse-auray-pluneret.fr\/index.php\/wp-json\/wp\/v2\/posts"}],"about":[{"href":"https:\/\/paroisse-auray-pluneret.fr\/index.php\/wp-json\/wp\/v2\/types\/post"}],"author":[{"embeddable":true,"href":"https:\/\/paroisse-auray-pluneret.fr\/index.php\/wp-json\/wp\/v2\/users\/2"}],"replies":[{"embeddable":true,"href":"https:\/\/paroisse-auray-pluneret.fr\/index.php\/wp-json\/wp\/v2\/comments?post=1694"}],"version-history":[{"count":6,"href":"https:\/\/paroisse-auray-pluneret.fr\/index.php\/wp-json\/wp\/v2\/posts\/1694\/revisions"}],"predecessor-version":[{"id":1720,"href":"https:\/\/paroisse-auray-pluneret.fr\/index.php\/wp-json\/wp\/v2\/posts\/1694\/revisions\/1720"}],"wp:featuredmedia":[{"embeddable":true,"href":"https:\/\/paroisse-auray-pluneret.fr\/index.php\/wp-json\/wp\/v2\/media\/1698"}],"wp:attachment":[{"href":"https:\/\/paroisse-auray-pluneret.fr\/index.php\/wp-json\/wp\/v2\/media?parent=1694"}],"wp:term":[{"taxonomy":"category","embeddable":true,"href":"https:\/\/paroisse-auray-pluneret.fr\/index.php\/wp-json\/wp\/v2\/categories?post=1694"},{"taxonomy":"post_tag","embeddable":true,"href":"https:\/\/paroisse-auray-pluneret.fr\/index.php\/wp-json\/wp\/v2\/tags?post=1694"}],"curies":[{"name":"wp","href":"https:\/\/api.w.org\/{rel}","templated":true}]}}