{"id":1686,"date":"2025-11-10T16:07:00","date_gmt":"2025-11-10T15:07:00","guid":{"rendered":"https:\/\/paroisse-auray-pluneret.fr\/?p=1686"},"modified":"2025-11-30T08:16:10","modified_gmt":"2025-11-30T07:16:10","slug":"samedis-15-29-novembre-a-16h-decouvrir-les-sens-et-symboles-sacres-de-leglise-saint-gildas","status":"publish","type":"post","link":"https:\/\/paroisse-auray-pluneret.fr\/index.php\/2025\/11\/10\/samedis-15-29-novembre-a-16h-decouvrir-les-sens-et-symboles-sacres-de-leglise-saint-gildas\/","title":{"rendered":"Samedi 29 novembre \u00e0 16h : seconde conf\u00e9rence sur l\u2019\u00e9glise saint Gildas"},"content":{"rendered":"\n<p>D\u00e9couvrir les sens et symboles sacr\u00e9s de l\u2019\u00e9glise saint Gildas : conf\u00e9rences avec interm\u00e8des musicaux,  p<em>ar les conf\u00e9renciers \u201cArt, Culture et Foi\u201d du dioc\u00e8se de Vannes <\/em><\/p>\n\n\n\n<p class=\"has-text-align-center\">CONTACT ET INFORMATIONS : 06 65 94 42 33<\/p>\n\n\n\n<p class=\"has-text-align-center\">ATH\u00c9N\u00c9E &#8211; INSTITUT DE FORMATION &#8211; DIOC\u00c8SE DE VANNES<\/p>\n\n\n\n<p>&nbsp;<\/p>\n\n\n\n<p><\/p>\n","protected":false},"excerpt":{"rendered":"<p>D\u00e9couvrir les sens et symboles sacr\u00e9s de l\u2019\u00e9glise saint Gildas : conf\u00e9rences avec interm\u00e8des musicaux, par les conf\u00e9renciers \u201cArt, Culture et Foi\u201d du dioc\u00e8se de Vannes CONTACT ET INFORMATIONS : 06 65 94 42 33 ATH\u00c9N\u00c9E &#8211; INSTITUT DE FORMATION &#8211; DIOC\u00c8SE DE VANNES &nbsp;<\/p>\n","protected":false},"author":2,"featured_media":1687,"comment_status":"closed","ping_status":"closed","sticky":false,"template":"","format":"standard","meta":{"_eb_attr":"","iawp_total_views":23,"footnotes":""},"categories":[1],"tags":[],"class_list":["post-1686","post","type-post","status-publish","format-standard","has-post-thumbnail","hentry","category-non-classe","entry"],"_links":{"self":[{"href":"https:\/\/paroisse-auray-pluneret.fr\/index.php\/wp-json\/wp\/v2\/posts\/1686","targetHints":{"allow":["GET"]}}],"collection":[{"href":"https:\/\/paroisse-auray-pluneret.fr\/index.php\/wp-json\/wp\/v2\/posts"}],"about":[{"href":"https:\/\/paroisse-auray-pluneret.fr\/index.php\/wp-json\/wp\/v2\/types\/post"}],"author":[{"embeddable":true,"href":"https:\/\/paroisse-auray-pluneret.fr\/index.php\/wp-json\/wp\/v2\/users\/2"}],"replies":[{"embeddable":true,"href":"https:\/\/paroisse-auray-pluneret.fr\/index.php\/wp-json\/wp\/v2\/comments?post=1686"}],"version-history":[{"count":7,"href":"https:\/\/paroisse-auray-pluneret.fr\/index.php\/wp-json\/wp\/v2\/posts\/1686\/revisions"}],"predecessor-version":[{"id":1770,"href":"https:\/\/paroisse-auray-pluneret.fr\/index.php\/wp-json\/wp\/v2\/posts\/1686\/revisions\/1770"}],"wp:featuredmedia":[{"embeddable":true,"href":"https:\/\/paroisse-auray-pluneret.fr\/index.php\/wp-json\/wp\/v2\/media\/1687"}],"wp:attachment":[{"href":"https:\/\/paroisse-auray-pluneret.fr\/index.php\/wp-json\/wp\/v2\/media?parent=1686"}],"wp:term":[{"taxonomy":"category","embeddable":true,"href":"https:\/\/paroisse-auray-pluneret.fr\/index.php\/wp-json\/wp\/v2\/categories?post=1686"},{"taxonomy":"post_tag","embeddable":true,"href":"https:\/\/paroisse-auray-pluneret.fr\/index.php\/wp-json\/wp\/v2\/tags?post=1686"}],"curies":[{"name":"wp","href":"https:\/\/api.w.org\/{rel}","templated":true}]}}