{"id":1677,"date":"2025-10-15T10:17:38","date_gmt":"2025-10-15T08:17:38","guid":{"rendered":"https:\/\/paroisse-auray-pluneret.fr\/?p=1677"},"modified":"2025-11-08T21:35:48","modified_gmt":"2025-11-08T20:35:48","slug":"samedi-8-novembre-de-11h-a-12h-a-st-gildas-eveil-a-la-foi-pour-les-petits-enfants-de-2-a-7-ans","status":"publish","type":"post","link":"https:\/\/paroisse-auray-pluneret.fr\/index.php\/2025\/10\/15\/samedi-8-novembre-de-11h-a-12h-a-st-gildas-eveil-a-la-foi-pour-les-petits-enfants-de-2-a-7-ans\/","title":{"rendered":"Samedi 8 novembre de 11h \u00e0 12h \u00e0 St Gildas : \u00e9veil \u00e0 la foi pour les petits enfants (de 2 \u00e0 7 ans)"},"content":{"rendered":"\n<p>Contact : 06 13 91 20 10 <a href=\"mailto:babethbro@orange.fr\" target=\"_blank\" rel=\"noreferrer noopener\">babethbro@orange.fr<\/a><\/p>\n\n\n\n<p><\/p>\n","protected":false},"excerpt":{"rendered":"<p>Contact : 06 13 91 20 10 babethbro@orange.fr<\/p>\n","protected":false},"author":2,"featured_media":1523,"comment_status":"closed","ping_status":"","sticky":false,"template":"","format":"standard","meta":{"_eb_attr":"","iawp_total_views":1,"footnotes":""},"categories":[1],"tags":[],"class_list":["post-1677","post","type-post","status-publish","format-standard","has-post-thumbnail","hentry","category-non-classe","entry"],"_links":{"self":[{"href":"https:\/\/paroisse-auray-pluneret.fr\/index.php\/wp-json\/wp\/v2\/posts\/1677","targetHints":{"allow":["GET"]}}],"collection":[{"href":"https:\/\/paroisse-auray-pluneret.fr\/index.php\/wp-json\/wp\/v2\/posts"}],"about":[{"href":"https:\/\/paroisse-auray-pluneret.fr\/index.php\/wp-json\/wp\/v2\/types\/post"}],"author":[{"embeddable":true,"href":"https:\/\/paroisse-auray-pluneret.fr\/index.php\/wp-json\/wp\/v2\/users\/2"}],"replies":[{"embeddable":true,"href":"https:\/\/paroisse-auray-pluneret.fr\/index.php\/wp-json\/wp\/v2\/comments?post=1677"}],"version-history":[{"count":2,"href":"https:\/\/paroisse-auray-pluneret.fr\/index.php\/wp-json\/wp\/v2\/posts\/1677\/revisions"}],"predecessor-version":[{"id":1679,"href":"https:\/\/paroisse-auray-pluneret.fr\/index.php\/wp-json\/wp\/v2\/posts\/1677\/revisions\/1679"}],"wp:featuredmedia":[{"embeddable":true,"href":"https:\/\/paroisse-auray-pluneret.fr\/index.php\/wp-json\/wp\/v2\/media\/1523"}],"wp:attachment":[{"href":"https:\/\/paroisse-auray-pluneret.fr\/index.php\/wp-json\/wp\/v2\/media?parent=1677"}],"wp:term":[{"taxonomy":"category","embeddable":true,"href":"https:\/\/paroisse-auray-pluneret.fr\/index.php\/wp-json\/wp\/v2\/categories?post=1677"},{"taxonomy":"post_tag","embeddable":true,"href":"https:\/\/paroisse-auray-pluneret.fr\/index.php\/wp-json\/wp\/v2\/tags?post=1677"}],"curies":[{"name":"wp","href":"https:\/\/api.w.org\/{rel}","templated":true}]}}