{"id":1653,"date":"2025-10-03T10:45:55","date_gmt":"2025-10-03T08:45:55","guid":{"rendered":"https:\/\/paroisse-auray-pluneret.fr\/?p=1653"},"modified":"2025-10-03T10:50:24","modified_gmt":"2025-10-03T08:50:24","slug":"editorial-doctobre-ne-ralentissez-pas-votre-elan","status":"publish","type":"post","link":"https:\/\/paroisse-auray-pluneret.fr\/index.php\/2025\/10\/03\/editorial-doctobre-ne-ralentissez-pas-votre-elan\/","title":{"rendered":"\u00c9ditorial d&rsquo;octobre : ne ralentissez pas votre \u00e9lan"},"content":{"rendered":"\n<p>Nous voici lanc\u00e9s dans notre nouvelle ann\u00e9e pastorale ! Elle est orient\u00e9e sur trois axes qui seront notre fil rouge tout au long de l\u2019ann\u00e9e :<\/p>\n\n\n\n<ul class=\"wp-block-list\">\n<li>la jeunesse, <\/li>\n\n\n\n<li>les cat\u00e9chum\u00e8nes <\/li>\n\n\n\n<li>et la transmission de la foi, .<\/li>\n<\/ul>\n\n\n\n<p>Pour vivre ces trois aspects, nous avons besoin de renouveler notre \u00e9lan missionnaire. \u00c7a tombe bien puisque le mois d\u2019octobre, d\u00e9di\u00e9 \u00e0 la patronne des missions, Sainte Th\u00e9r\u00e8se, s\u2019ouvre avec les F\u00eates Th\u00e9r\u00e9siennes et continue avec la semaine missionnaire mondiale du 12 au 19 octobre. <\/p>\n\n\n\n<p>J\u2019ai eu l\u2019immense joie et gr\u00e2ce d\u2019accompagner, pour la premi\u00e8re fois, 29 p\u00e8lerins au p\u00e8lerinage dioc\u00e9sain \u00e0 Lisieux du 27 au 29 septembre. Ce fut l\u2019occasion de puiser \u00e0 la source pour demander au Seigneur, par l\u2019intercession de la petite Th\u00e9r\u00e8se, ce bel \u00e9lan missionnaire pour que notre ensemble paroissial ait \u00e0 c\u0153ur de faire conna\u00eetre et aimer J\u00e9sus.<\/p>\n\n\n\n<p>Le mois dernier, lors de notre rentr\u00e9e dioc\u00e9saine, notre \u00e9v\u00eaque nous a donn\u00e9 cette belle image pour nous parler de la mission ; celle du c\u0153ur. Il nous rappelait ses deux mouvements : un premier appel\u00e9 diastole, o\u00f9 le c\u0153ur se remplit de sang. Et un second appel\u00e9 systole, o\u00f9 le sang est envoy\u00e9 vers la p\u00e9riph\u00e9rie en passant par les art\u00e8res.<\/p>\n\n\n\n<p>Ainsi, disait-il, notre dioc\u00e8se est comme un c\u0153ur. Il s\u2019est rempli de vie durant tout le jubil\u00e9 de Ste Anne. D\u00e9sormais, il est temps pour nous de diffuser cette vie re\u00e7ue dans \u00ab le c\u0153ur battant de notre Eglise \u00bb que sont nos paroisses : lieu vital et irrempla\u00e7able dans lequel la vie chr\u00e9tienne se d\u00e9ploie.<\/p>\n\n\n\n<p>Un autre temps fort \u00e0 vivre pour favoriser notre \u00e9lan missionnaire : les 8 et 9 novembre se tient \u00e0 Paris Bercy le Congr\u00e8s Mission 2025. Que le Seigneur nous donne cet \u00e9lan vital et qu\u2019il soit au c\u0153ur de toutes nos attentes. Une chose est s\u00fbre, \u00eatre missionnaire du Christ, \u00e7a rend heureux !.<\/p>\n","protected":false},"excerpt":{"rendered":"<p>Nous voici lanc\u00e9s dans notre nouvelle ann\u00e9e pastorale ! Elle est orient\u00e9e sur trois axes qui seront notre fil rouge tout au long de l\u2019ann\u00e9e : Pour vivre ces trois aspects, nous avons besoin de renouveler notre \u00e9lan missionnaire. \u00c7a tombe bien puisque le mois d\u2019octobre, d\u00e9di\u00e9 \u00e0 la patronne des missions, Sainte Th\u00e9r\u00e8se, s\u2019ouvre<a class=\"more-link\" href=\"https:\/\/paroisse-auray-pluneret.fr\/index.php\/2025\/10\/03\/editorial-doctobre-ne-ralentissez-pas-votre-elan\/\">Lire la suite <span class=\"screen-reader-text\">\u00ab\u00a0\u00c9ditorial d&rsquo;octobre : ne ralentissez pas votre \u00e9lan\u00a0\u00bb<\/span><\/a><\/p>\n","protected":false},"author":2,"featured_media":858,"comment_status":"closed","ping_status":"","sticky":false,"template":"","format":"standard","meta":{"_eb_attr":"","iawp_total_views":12,"footnotes":""},"categories":[6],"tags":[],"class_list":["post-1653","post","type-post","status-publish","format-standard","has-post-thumbnail","hentry","category-actu","entry"],"_links":{"self":[{"href":"https:\/\/paroisse-auray-pluneret.fr\/index.php\/wp-json\/wp\/v2\/posts\/1653","targetHints":{"allow":["GET"]}}],"collection":[{"href":"https:\/\/paroisse-auray-pluneret.fr\/index.php\/wp-json\/wp\/v2\/posts"}],"about":[{"href":"https:\/\/paroisse-auray-pluneret.fr\/index.php\/wp-json\/wp\/v2\/types\/post"}],"author":[{"embeddable":true,"href":"https:\/\/paroisse-auray-pluneret.fr\/index.php\/wp-json\/wp\/v2\/users\/2"}],"replies":[{"embeddable":true,"href":"https:\/\/paroisse-auray-pluneret.fr\/index.php\/wp-json\/wp\/v2\/comments?post=1653"}],"version-history":[{"count":3,"href":"https:\/\/paroisse-auray-pluneret.fr\/index.php\/wp-json\/wp\/v2\/posts\/1653\/revisions"}],"predecessor-version":[{"id":1657,"href":"https:\/\/paroisse-auray-pluneret.fr\/index.php\/wp-json\/wp\/v2\/posts\/1653\/revisions\/1657"}],"wp:featuredmedia":[{"embeddable":true,"href":"https:\/\/paroisse-auray-pluneret.fr\/index.php\/wp-json\/wp\/v2\/media\/858"}],"wp:attachment":[{"href":"https:\/\/paroisse-auray-pluneret.fr\/index.php\/wp-json\/wp\/v2\/media?parent=1653"}],"wp:term":[{"taxonomy":"category","embeddable":true,"href":"https:\/\/paroisse-auray-pluneret.fr\/index.php\/wp-json\/wp\/v2\/categories?post=1653"},{"taxonomy":"post_tag","embeddable":true,"href":"https:\/\/paroisse-auray-pluneret.fr\/index.php\/wp-json\/wp\/v2\/tags?post=1653"}],"curies":[{"name":"wp","href":"https:\/\/api.w.org\/{rel}","templated":true}]}}