{"id":1642,"date":"2025-09-28T13:17:39","date_gmt":"2025-09-28T11:17:39","guid":{"rendered":"https:\/\/paroisse-auray-pluneret.fr\/?p=1642"},"modified":"2025-10-01T13:27:09","modified_gmt":"2025-10-01T11:27:09","slug":"1642","status":"publish","type":"post","link":"https:\/\/paroisse-auray-pluneret.fr\/index.php\/2025\/09\/28\/1642\/","title":{"rendered":"Le p\u00e8re Philippe Launay vient aider notre ensemble paroissial"},"content":{"rendered":"\n<div class=\"wp-block-group is-vertical is-layout-flex wp-container-core-group-is-layout-fe9cc265 wp-block-group-is-layout-flex\">\n<p style=\"font-style:normal;font-weight:300\">Il nous a confi\u00e9 : \u00ab\u00a0<em>originaire de Rieux, j&rsquo;ai \u00e9t\u00e9 ordonn\u00e9 pr\u00eatre en 2003 \u00e0 Vannes<\/em>.<\/p>\n\n\n\n<p style=\"font-style:normal;font-weight:300\"><em>J&rsquo;ai commenc\u00e9 mon minist\u00e8re au Faou\u00ebt, puis dans diff\u00e9rentes paroisses autour de Redon : Caden-Malensac, Peillac, St Vincent sur Oust, St Jacut les Pins et St Perreux<\/em>.<\/p>\n\n\n\n<p style=\"font-style:normal;font-weight:300\"><em>Apr\u00e8s avoir \u00e9t\u00e9 cur\u00e9 \u00e0 Rohan puis chapelain \u00e0 Ste Anne d&rsquo;Auray, dans l&rsquo;\u00e9quipe sacerdotale de Plo\u00ebrmel, je r\u00e9side \u00e0 Ste Anne d&rsquo;Auray et j&rsquo;ai la joie aujourd&rsquo;hui d&rsquo;\u00eatre au service de notre belle communaut\u00e9 d\u2019Auray et Pluneret.<\/em><\/p>\n\n\n\n<p style=\"font-style:normal;font-weight:300\"><em>Priez pour que mon minist\u00e8re soit bon et fructueux, comme je prie pour vous<\/em>.\u00a0\u00bb<\/p>\n<\/div>\n\n\n\n<p><\/p>\n","protected":false},"excerpt":{"rendered":"<p>Il nous a confi\u00e9 : \u00ab\u00a0originaire de Rieux, j&rsquo;ai \u00e9t\u00e9 ordonn\u00e9 pr\u00eatre en 2003 \u00e0 Vannes. J&rsquo;ai commenc\u00e9 mon minist\u00e8re au Faou\u00ebt, puis dans diff\u00e9rentes paroisses autour de Redon : Caden-Malensac, Peillac, St Vincent sur Oust, St Jacut les Pins et St Perreux. Apr\u00e8s avoir \u00e9t\u00e9 cur\u00e9 \u00e0 Rohan puis chapelain \u00e0 Ste Anne d&rsquo;Auray,<a class=\"more-link\" href=\"https:\/\/paroisse-auray-pluneret.fr\/index.php\/2025\/09\/28\/1642\/\">Lire la suite <span class=\"screen-reader-text\">\u00ab\u00a0Le p\u00e8re Philippe Launay vient aider notre ensemble paroissial\u00a0\u00bb<\/span><\/a><\/p>\n","protected":false},"author":2,"featured_media":1643,"comment_status":"closed","ping_status":"closed","sticky":false,"template":"","format":"standard","meta":{"_eb_attr":"","iawp_total_views":16,"footnotes":""},"categories":[6],"tags":[],"class_list":["post-1642","post","type-post","status-publish","format-standard","has-post-thumbnail","hentry","category-actu","entry"],"_links":{"self":[{"href":"https:\/\/paroisse-auray-pluneret.fr\/index.php\/wp-json\/wp\/v2\/posts\/1642","targetHints":{"allow":["GET"]}}],"collection":[{"href":"https:\/\/paroisse-auray-pluneret.fr\/index.php\/wp-json\/wp\/v2\/posts"}],"about":[{"href":"https:\/\/paroisse-auray-pluneret.fr\/index.php\/wp-json\/wp\/v2\/types\/post"}],"author":[{"embeddable":true,"href":"https:\/\/paroisse-auray-pluneret.fr\/index.php\/wp-json\/wp\/v2\/users\/2"}],"replies":[{"embeddable":true,"href":"https:\/\/paroisse-auray-pluneret.fr\/index.php\/wp-json\/wp\/v2\/comments?post=1642"}],"version-history":[{"count":3,"href":"https:\/\/paroisse-auray-pluneret.fr\/index.php\/wp-json\/wp\/v2\/posts\/1642\/revisions"}],"predecessor-version":[{"id":1647,"href":"https:\/\/paroisse-auray-pluneret.fr\/index.php\/wp-json\/wp\/v2\/posts\/1642\/revisions\/1647"}],"wp:featuredmedia":[{"embeddable":true,"href":"https:\/\/paroisse-auray-pluneret.fr\/index.php\/wp-json\/wp\/v2\/media\/1643"}],"wp:attachment":[{"href":"https:\/\/paroisse-auray-pluneret.fr\/index.php\/wp-json\/wp\/v2\/media?parent=1642"}],"wp:term":[{"taxonomy":"category","embeddable":true,"href":"https:\/\/paroisse-auray-pluneret.fr\/index.php\/wp-json\/wp\/v2\/categories?post=1642"},{"taxonomy":"post_tag","embeddable":true,"href":"https:\/\/paroisse-auray-pluneret.fr\/index.php\/wp-json\/wp\/v2\/tags?post=1642"}],"curies":[{"name":"wp","href":"https:\/\/api.w.org\/{rel}","templated":true}]}}