{"id":1600,"date":"2025-09-26T21:47:28","date_gmt":"2025-09-26T19:47:28","guid":{"rendered":"https:\/\/paroisse-auray-pluneret.fr\/?p=1600"},"modified":"2025-09-26T21:48:38","modified_gmt":"2025-09-26T19:48:38","slug":"priorites-dannee-pour-notre-ensemble-paroissial","status":"publish","type":"post","link":"https:\/\/paroisse-auray-pluneret.fr\/index.php\/2025\/09\/26\/priorites-dannee-pour-notre-ensemble-paroissial\/","title":{"rendered":"Priorit\u00e9s d&rsquo;ann\u00e9e pour notre ensemble paroissial"},"content":{"rendered":"\n<p>Pastorale des jeunes, cat\u00e9ch\u00e8se et cat\u00e9chum\u00e9nat seront les 3 axes principaux pour cette nouvelle ann\u00e9e pastorale, et probablement pour plus longtemps. <\/p>\n\n\n\n<p>S&rsquo;il est parfois difficile de rencontrer les jeunes, nous notons, avec grande satisfaction, que des adultes en recherche, de plus en plus nombreux, viennent frapper \u00e0 la porte du presbyt\u00e8re ! Comment les accueillir, comment les accompagner et comment leur faire d\u00e9couvrir le Christ ? Qu&rsquo;ils soient \u00e9l\u00e8ves, jeunes ou adultes, ils ont toutes et tous leur place dans notre \u00e9glise. <\/p>\n\n\n\n<p>Cela rel\u00e8ve bien s\u00fbr des responsabilit\u00e9s confi\u00e9es aux pr\u00eatres, aux diacres et aux la\u00efcs missionn\u00e9s ; ils s&rsquo;y emploient. <\/p>\n\n\n\n<p>Cela doit \u00eatre aussi le souci de toute la communaut\u00e9 paroissiale : individuellement et ensemble, nous devons porter cette r\u00e9flexion et proposer des \u00e9l\u00e9ments de r\u00e9ponse. Faisons communion pour l&rsquo;\u00e9vang\u00e9lisation. <\/p>\n","protected":false},"excerpt":{"rendered":"<p>Pastorale des jeunes, cat\u00e9ch\u00e8se et cat\u00e9chum\u00e9nat seront les 3 axes principaux pour cette nouvelle ann\u00e9e pastorale, et probablement pour plus longtemps. S&rsquo;il est parfois difficile de rencontrer les jeunes, nous notons, avec grande satisfaction, que des adultes en recherche, de plus en plus nombreux, viennent frapper \u00e0 la porte du presbyt\u00e8re ! Comment les accueillir,<a class=\"more-link\" href=\"https:\/\/paroisse-auray-pluneret.fr\/index.php\/2025\/09\/26\/priorites-dannee-pour-notre-ensemble-paroissial\/\">Lire la suite <span class=\"screen-reader-text\">\u00ab\u00a0Priorit\u00e9s d&rsquo;ann\u00e9e pour notre ensemble paroissial\u00a0\u00bb<\/span><\/a><\/p>\n","protected":false},"author":8,"featured_media":1601,"comment_status":"closed","ping_status":"","sticky":false,"template":"","format":"standard","meta":{"_eb_attr":"","iawp_total_views":10,"footnotes":""},"categories":[6],"tags":[],"class_list":["post-1600","post","type-post","status-publish","format-standard","has-post-thumbnail","hentry","category-actu","entry"],"_links":{"self":[{"href":"https:\/\/paroisse-auray-pluneret.fr\/index.php\/wp-json\/wp\/v2\/posts\/1600","targetHints":{"allow":["GET"]}}],"collection":[{"href":"https:\/\/paroisse-auray-pluneret.fr\/index.php\/wp-json\/wp\/v2\/posts"}],"about":[{"href":"https:\/\/paroisse-auray-pluneret.fr\/index.php\/wp-json\/wp\/v2\/types\/post"}],"author":[{"embeddable":true,"href":"https:\/\/paroisse-auray-pluneret.fr\/index.php\/wp-json\/wp\/v2\/users\/8"}],"replies":[{"embeddable":true,"href":"https:\/\/paroisse-auray-pluneret.fr\/index.php\/wp-json\/wp\/v2\/comments?post=1600"}],"version-history":[{"count":2,"href":"https:\/\/paroisse-auray-pluneret.fr\/index.php\/wp-json\/wp\/v2\/posts\/1600\/revisions"}],"predecessor-version":[{"id":1603,"href":"https:\/\/paroisse-auray-pluneret.fr\/index.php\/wp-json\/wp\/v2\/posts\/1600\/revisions\/1603"}],"wp:featuredmedia":[{"embeddable":true,"href":"https:\/\/paroisse-auray-pluneret.fr\/index.php\/wp-json\/wp\/v2\/media\/1601"}],"wp:attachment":[{"href":"https:\/\/paroisse-auray-pluneret.fr\/index.php\/wp-json\/wp\/v2\/media?parent=1600"}],"wp:term":[{"taxonomy":"category","embeddable":true,"href":"https:\/\/paroisse-auray-pluneret.fr\/index.php\/wp-json\/wp\/v2\/categories?post=1600"},{"taxonomy":"post_tag","embeddable":true,"href":"https:\/\/paroisse-auray-pluneret.fr\/index.php\/wp-json\/wp\/v2\/tags?post=1600"}],"curies":[{"name":"wp","href":"https:\/\/api.w.org\/{rel}","templated":true}]}}