{"id":1520,"date":"2025-08-29T09:13:32","date_gmt":"2025-08-29T07:13:32","guid":{"rendered":"https:\/\/paroisse-auray-pluneret.fr\/?p=1520"},"modified":"2025-09-11T11:48:51","modified_gmt":"2025-09-11T09:48:51","slug":"venez-inscrire-vos-enfants-au-cate","status":"publish","type":"post","link":"https:\/\/paroisse-auray-pluneret.fr\/index.php\/2025\/08\/29\/venez-inscrire-vos-enfants-au-cate\/","title":{"rendered":"Venez inscrire vos enfants au cat\u00e9"},"content":{"rendered":"\n<p>A la maison Bourdeloy, derri\u00e8re l\u2018\u00e9glise St Gildas : <\/p>\n\n\n\n<p><strong>mercredi 3 septembre, de 9h \u00e0 18h, <\/strong><\/p>\n\n\n\n<p><strong>puis samedi 6 de 9h \u00e0 13h <\/strong><\/p>\n\n\n\n<p><strong>et mercredi 10 de 9h \u00e0 18h<\/strong><\/p>\n\n\n\n<p><\/p>\n","protected":false},"excerpt":{"rendered":"<p>A la maison Bourdeloy, derri\u00e8re l\u2018\u00e9glise St Gildas : mercredi 3 septembre, de 9h \u00e0 18h, puis samedi 6 de 9h \u00e0 13h et mercredi 10 de 9h \u00e0 18h<\/p>\n","protected":false},"author":6,"featured_media":1523,"comment_status":"closed","ping_status":"","sticky":false,"template":"","format":"standard","meta":{"_eb_attr":"","iawp_total_views":8,"footnotes":""},"categories":[1],"tags":[],"class_list":["post-1520","post","type-post","status-publish","format-standard","has-post-thumbnail","hentry","category-non-classe","entry"],"_links":{"self":[{"href":"https:\/\/paroisse-auray-pluneret.fr\/index.php\/wp-json\/wp\/v2\/posts\/1520","targetHints":{"allow":["GET"]}}],"collection":[{"href":"https:\/\/paroisse-auray-pluneret.fr\/index.php\/wp-json\/wp\/v2\/posts"}],"about":[{"href":"https:\/\/paroisse-auray-pluneret.fr\/index.php\/wp-json\/wp\/v2\/types\/post"}],"author":[{"embeddable":true,"href":"https:\/\/paroisse-auray-pluneret.fr\/index.php\/wp-json\/wp\/v2\/users\/6"}],"replies":[{"embeddable":true,"href":"https:\/\/paroisse-auray-pluneret.fr\/index.php\/wp-json\/wp\/v2\/comments?post=1520"}],"version-history":[{"count":7,"href":"https:\/\/paroisse-auray-pluneret.fr\/index.php\/wp-json\/wp\/v2\/posts\/1520\/revisions"}],"predecessor-version":[{"id":1531,"href":"https:\/\/paroisse-auray-pluneret.fr\/index.php\/wp-json\/wp\/v2\/posts\/1520\/revisions\/1531"}],"wp:featuredmedia":[{"embeddable":true,"href":"https:\/\/paroisse-auray-pluneret.fr\/index.php\/wp-json\/wp\/v2\/media\/1523"}],"wp:attachment":[{"href":"https:\/\/paroisse-auray-pluneret.fr\/index.php\/wp-json\/wp\/v2\/media?parent=1520"}],"wp:term":[{"taxonomy":"category","embeddable":true,"href":"https:\/\/paroisse-auray-pluneret.fr\/index.php\/wp-json\/wp\/v2\/categories?post=1520"},{"taxonomy":"post_tag","embeddable":true,"href":"https:\/\/paroisse-auray-pluneret.fr\/index.php\/wp-json\/wp\/v2\/tags?post=1520"}],"curies":[{"name":"wp","href":"https:\/\/api.w.org\/{rel}","templated":true}]}}