{"id":1513,"date":"2025-08-28T09:04:02","date_gmt":"2025-08-28T07:04:02","guid":{"rendered":"https:\/\/paroisse-auray-pluneret.fr\/?p=1513"},"modified":"2025-08-29T13:16:01","modified_gmt":"2025-08-29T11:16:01","slug":"ministere-dete-avec-le-pere-raphael","status":"publish","type":"post","link":"https:\/\/paroisse-auray-pluneret.fr\/index.php\/2025\/08\/28\/ministere-dete-avec-le-pere-raphael\/","title":{"rendered":"Minist\u00e8re d\u2019\u00e9t\u00e9 avec le P\u00e8re Rapha\u00ebl"},"content":{"rendered":"\n<p>Chers fr\u00e8res et s\u0153urs,<\/p>\n\n\n\n<p>Alors que s\u2019ach\u00e8ve le mois d\u2019ao\u00fbt que j\u2019ai eu la joie de passer parmi vous, mon c\u0153ur d\u00e9borde de reconnaissance. J\u2019arrivais \u00e0 Auray le 31 juillet avec la simplicit\u00e9 d\u2019un pr\u00eatre pour l\u2019exercice du minist\u00e8re d\u2019\u00e9t\u00e9. Aujourd\u2019hui, je repars le c\u0153ur rempli d\u2019amiti\u00e9 et de gratitude, ayant fait l\u2019exp\u00e9rience d\u2019une paroisse vivante, fraternelle et priante.<\/p>\n\n\n\n<p>D\u00e8s les premiers jours, j\u2019ai \u00e9t\u00e9 touch\u00e9 par l\u2019accueil. Le cur\u00e9 et les fid\u00e8les m\u2019ont ouvert la porte de leur maison et de leur c\u0153ur. Ce s\u00e9jour pastoral m\u2019a permis de d\u00e9couvrir la beaut\u00e9 de l\u2019ensemble paroissial Auray-Pluneret, enracin\u00e9 dans une terre bretonne riche d\u2019histoire et de foi. La visite du Sanctuaire Sainte Anne d\u2019Auray et la contemplation du spectacle \u00ab&nbsp;son et lumi\u00e8re&nbsp;\u00bb restent marqu\u00e9es dans ma m\u00e9moire et nourrissent ma d\u00e9votion en Sainte Anne, la M\u00e8re de la Vierge Marie. Les pierres de vos \u00e9glises et vos maisons, les ruelles d\u2019Auray, le port de Saint Goustan, sont des signes de pers\u00e9v\u00e9rance et de fid\u00e9lit\u00e9. Au-del\u00e0 du d\u00e9cor, ce sont vos visages et vos pri\u00e8res qui ont fa\u00e7onn\u00e9 mon exp\u00e9rience. Durant ce mois, j\u2019ai pu go\u00fbter la joie simple du minist\u00e8re sacerdotal&nbsp;: proclamer l\u2019\u00c9vangile, c\u00e9l\u00e9brer les sacrements (dont l\u2019Eucharistie, la confession, le bapt\u00eame et le mariage) et les obs\u00e8ques. \u00c0 travers ces moments, j\u2019ai partag\u00e9 vos joies et esp\u00e9rances. Je n\u2019oublierai pas la culture bretonne qui donne un parfum unique \u00e0 votre r\u00e9gion du Morbihan. L\u2019air frais, la lumi\u00e8re changeante sur la mer et les notes joyeuses de la musique bretonne. La foi se nourrit aussi de cette beaut\u00e9 simple que Dieu s\u00e8me dans une culture et qui fait chanter les c\u0153urs.<\/p>\n\n\n\n<p>Je rends gr\u00e2ce pour chaque rencontre v\u00e9cue&nbsp;: une conversation apr\u00e8s la messe, une invitation partag\u00e9e autour d\u2019un repas, une parole bienveillante. Toutes ces exp\u00e9riences manifestent que l\u2019Esprit Saint est \u00e0 l\u2019\u0153uvre, suscitant la communion et construisant l\u2019\u00c9glise au quotidien. Je veux dire un merci particulier au cur\u00e9 qui m\u2019a accueilli et m\u2019a fait d\u00e9couvrir la r\u00e9gion du Morbihan (Carnac, Quiberon, etc). Je repars enrichi de cette hospitalit\u00e9 qui n\u2019est pas seulement un simple devoir chr\u00e9tien, mais une v\u00e9ritable mission, celle de manifester que l\u2019\u00c9glise est une maison ouverte, signe visible du Royaume.<\/p>\n\n\n\n<p>Abb\u00e9 Rapha\u00ebl BUKASA<\/p>\n","protected":false},"excerpt":{"rendered":"<p>Chers fr\u00e8res et s\u0153urs, Alors que s\u2019ach\u00e8ve le mois d\u2019ao\u00fbt que j\u2019ai eu la joie de passer parmi vous, mon c\u0153ur d\u00e9borde de reconnaissance. J\u2019arrivais \u00e0 Auray le 31 juillet avec la simplicit\u00e9 d\u2019un pr\u00eatre pour l\u2019exercice du minist\u00e8re d\u2019\u00e9t\u00e9. Aujourd\u2019hui, je repars le c\u0153ur rempli d\u2019amiti\u00e9 et de gratitude, ayant fait l\u2019exp\u00e9rience d\u2019une paroisse<a class=\"more-link\" href=\"https:\/\/paroisse-auray-pluneret.fr\/index.php\/2025\/08\/28\/ministere-dete-avec-le-pere-raphael\/\">Lire la suite <span class=\"screen-reader-text\">\u00ab\u00a0Minist\u00e8re d\u2019\u00e9t\u00e9 avec le P\u00e8re Rapha\u00ebl\u00a0\u00bb<\/span><\/a><\/p>\n","protected":false},"author":8,"featured_media":1514,"comment_status":"closed","ping_status":"closed","sticky":false,"template":"","format":"standard","meta":{"_eb_attr":"","iawp_total_views":9,"footnotes":""},"categories":[6],"tags":[],"class_list":["post-1513","post","type-post","status-publish","format-standard","has-post-thumbnail","hentry","category-actu","entry"],"_links":{"self":[{"href":"https:\/\/paroisse-auray-pluneret.fr\/index.php\/wp-json\/wp\/v2\/posts\/1513","targetHints":{"allow":["GET"]}}],"collection":[{"href":"https:\/\/paroisse-auray-pluneret.fr\/index.php\/wp-json\/wp\/v2\/posts"}],"about":[{"href":"https:\/\/paroisse-auray-pluneret.fr\/index.php\/wp-json\/wp\/v2\/types\/post"}],"author":[{"embeddable":true,"href":"https:\/\/paroisse-auray-pluneret.fr\/index.php\/wp-json\/wp\/v2\/users\/8"}],"replies":[{"embeddable":true,"href":"https:\/\/paroisse-auray-pluneret.fr\/index.php\/wp-json\/wp\/v2\/comments?post=1513"}],"version-history":[{"count":2,"href":"https:\/\/paroisse-auray-pluneret.fr\/index.php\/wp-json\/wp\/v2\/posts\/1513\/revisions"}],"predecessor-version":[{"id":1516,"href":"https:\/\/paroisse-auray-pluneret.fr\/index.php\/wp-json\/wp\/v2\/posts\/1513\/revisions\/1516"}],"wp:featuredmedia":[{"embeddable":true,"href":"https:\/\/paroisse-auray-pluneret.fr\/index.php\/wp-json\/wp\/v2\/media\/1514"}],"wp:attachment":[{"href":"https:\/\/paroisse-auray-pluneret.fr\/index.php\/wp-json\/wp\/v2\/media?parent=1513"}],"wp:term":[{"taxonomy":"category","embeddable":true,"href":"https:\/\/paroisse-auray-pluneret.fr\/index.php\/wp-json\/wp\/v2\/categories?post=1513"},{"taxonomy":"post_tag","embeddable":true,"href":"https:\/\/paroisse-auray-pluneret.fr\/index.php\/wp-json\/wp\/v2\/tags?post=1513"}],"curies":[{"name":"wp","href":"https:\/\/api.w.org\/{rel}","templated":true}]}}