{"id":1508,"date":"2025-08-14T08:19:30","date_gmt":"2025-08-14T06:19:30","guid":{"rendered":"https:\/\/paroisse-auray-pluneret.fr\/?p=1508"},"modified":"2025-09-19T08:05:58","modified_gmt":"2025-09-19T06:05:58","slug":"recevoir-et-devenir-le-mcr-fait-sa-rentree","status":"publish","type":"post","link":"https:\/\/paroisse-auray-pluneret.fr\/index.php\/2025\/08\/14\/recevoir-et-devenir-le-mcr-fait-sa-rentree\/","title":{"rendered":"Recevoir et devenir ! Le MCR fait sa rentr\u00e9e jeudi 18 septembre \u00e0 14H30"},"content":{"rendered":"\n<p class=\"has-foreground-color has-text-color has-link-color wp-elements-ba1238313e84d32e61af7a13624464d4\"><\/p>\n\n\n\n<p>Un chemin vers soi, un chemin vers les autres et un chemin vers Dieu! C&rsquo;est ce que propose la nouvelle campagne d&rsquo;ann\u00e9e du Mouvement Chr\u00e9tien des Retrait\u00e9s. Mouvement d&rsquo;action catholique, le M.C.R.  s&rsquo;est longtemps d\u00e9fini par les 3 A. Celui de l&rsquo;amiti\u00e9, celui de l&rsquo;approfondissement de la foi et enfin celui de l&rsquo;apostolat. C&rsquo;est un lieu d&rsquo;\u00e9glise o\u00f9 la fraternit\u00e9 est premi\u00e8re, c&rsquo;est un mouvement qui invite \u00e0 sortir, \u00e0 rencontrer et \u00e0 dialoguer.<\/p>\n\n\n\n<p>Cette ann\u00e9e, le th\u00e8me d\u00e9velopp\u00e9 nous invitera donc \u00e0 r\u00e9fl\u00e9chir sur notre chemin de vie, \u00e0 regarder dans le r\u00e9troviseur mais surtout dans le pare-brise pour bien construire tout ce qui reste \u00e0 faire! Se souvenir de ce que nous avons re\u00e7u et m\u00e9diter sur l&rsquo;utilisation de nos dons! Accueillis au sein d&rsquo;une famille, nous avons \u00e9t\u00e9 fa\u00e7onn\u00e9s par nos parents puis par d&rsquo;autres personnes; des moments importants nous ont marqu\u00e9s. C&rsquo;est tr\u00e8s long pour faire un Homme et probablement que nous y contribuons, nous aussi, depuis d\u00e9j\u00e0 longtemps ! J\u00e9sus nous le dit: Nous sommes tous appel\u00e9s \u00e0 la saintet\u00e9.  Le chemin existe! <\/p>\n\n\n\n<p class=\"has-text-align-center has-background-background-color has-background\">Pour d\u00e9couvrir le mouvement et sa campagne d&rsquo;ann\u00e9e, le M.C.R. invite les retrait\u00e9s <br>\u00e0 une rencontre fraternelle le jeudi 18 septembre 2025 \u00e0 14H30 <br>dans la salle St Bieuzy \u00e0 la maison paroissiale Bourdeloy \u00e0 Auray. <\/p>\n\n\n\n<p class=\"has-background-background-color has-background\">contacts : Marie-Solange Plastrier 0687735029 et HenrI Coudron 0676964476<\/p>\n\n\n\n<p><\/p>\n","protected":false},"excerpt":{"rendered":"<p>Un chemin vers soi, un chemin vers les autres et un chemin vers Dieu! C&rsquo;est ce que propose la nouvelle campagne d&rsquo;ann\u00e9e du Mouvement Chr\u00e9tien des Retrait\u00e9s. Mouvement d&rsquo;action catholique, le M.C.R. s&rsquo;est longtemps d\u00e9fini par les 3 A. Celui de l&rsquo;amiti\u00e9, celui de l&rsquo;approfondissement de la foi et enfin celui de l&rsquo;apostolat. C&rsquo;est un<a class=\"more-link\" href=\"https:\/\/paroisse-auray-pluneret.fr\/index.php\/2025\/08\/14\/recevoir-et-devenir-le-mcr-fait-sa-rentree\/\">Lire la suite <span class=\"screen-reader-text\">\u00ab\u00a0Recevoir et devenir ! Le MCR fait sa rentr\u00e9e jeudi 18 septembre \u00e0 14H30\u00a0\u00bb<\/span><\/a><\/p>\n","protected":false},"author":5,"featured_media":1507,"comment_status":"closed","ping_status":"closed","sticky":false,"template":"","format":"standard","meta":{"_eb_attr":"","iawp_total_views":16,"footnotes":""},"categories":[1],"tags":[],"class_list":["post-1508","post","type-post","status-publish","format-standard","has-post-thumbnail","hentry","category-non-classe","entry"],"_links":{"self":[{"href":"https:\/\/paroisse-auray-pluneret.fr\/index.php\/wp-json\/wp\/v2\/posts\/1508","targetHints":{"allow":["GET"]}}],"collection":[{"href":"https:\/\/paroisse-auray-pluneret.fr\/index.php\/wp-json\/wp\/v2\/posts"}],"about":[{"href":"https:\/\/paroisse-auray-pluneret.fr\/index.php\/wp-json\/wp\/v2\/types\/post"}],"author":[{"embeddable":true,"href":"https:\/\/paroisse-auray-pluneret.fr\/index.php\/wp-json\/wp\/v2\/users\/5"}],"replies":[{"embeddable":true,"href":"https:\/\/paroisse-auray-pluneret.fr\/index.php\/wp-json\/wp\/v2\/comments?post=1508"}],"version-history":[{"count":6,"href":"https:\/\/paroisse-auray-pluneret.fr\/index.php\/wp-json\/wp\/v2\/posts\/1508\/revisions"}],"predecessor-version":[{"id":1538,"href":"https:\/\/paroisse-auray-pluneret.fr\/index.php\/wp-json\/wp\/v2\/posts\/1508\/revisions\/1538"}],"wp:featuredmedia":[{"embeddable":true,"href":"https:\/\/paroisse-auray-pluneret.fr\/index.php\/wp-json\/wp\/v2\/media\/1507"}],"wp:attachment":[{"href":"https:\/\/paroisse-auray-pluneret.fr\/index.php\/wp-json\/wp\/v2\/media?parent=1508"}],"wp:term":[{"taxonomy":"category","embeddable":true,"href":"https:\/\/paroisse-auray-pluneret.fr\/index.php\/wp-json\/wp\/v2\/categories?post=1508"},{"taxonomy":"post_tag","embeddable":true,"href":"https:\/\/paroisse-auray-pluneret.fr\/index.php\/wp-json\/wp\/v2\/tags?post=1508"}],"curies":[{"name":"wp","href":"https:\/\/api.w.org\/{rel}","templated":true}]}}