{"id":1484,"date":"2025-09-29T21:02:37","date_gmt":"2025-09-29T19:02:37","guid":{"rendered":"https:\/\/paroisse-auray-pluneret.fr\/?p=1484"},"modified":"2025-10-03T10:57:17","modified_gmt":"2025-10-03T08:57:17","slug":"dimanche-28-septembre-pardon-de-charles-de-blois","status":"publish","type":"post","link":"https:\/\/paroisse-auray-pluneret.fr\/index.php\/2025\/09\/29\/dimanche-28-septembre-pardon-de-charles-de-blois\/","title":{"rendered":"Pardon de Charles de Blois : les reliques sont revenues"},"content":{"rendered":"\n<p class=\"has-secondary-color has-background-background-color has-text-color has-background has-link-color wp-elements-7585755478136c60d35227ba43532133\">Saviez vous que les reliques de Charles de Blois, vol\u00e9es il y a quelques ann\u00e9es, ont \u00e9t\u00e9 retrouv\u00e9es  dans une brocante par un veilleur de Ar Gedour ?<\/p>\n\n\n\n<p>Ces reliques avaient \u00e9t\u00e9 remises le 12 octobre 1930 au P\u00e8re Chevassu par le recteur de Guingamp.<\/p>\n\n\n\n<p>\u00ab\u00a0Ar Gedour\u00a0\u00bb, m\u00e9dia d&rsquo;actualit\u00e9 culturelle et spirituelle en Bretagne, s&rsquo;investit en particulier dans la recherche de reliques perdues ou vol\u00e9es. Voir leur site : <a href=\"https:\/\/www.argedour.bzh\/une-relique-du-bienheureux-charles-de-blois-retrouvee-et-restituee-a-la-paroisse-dauray\/\" data-type=\"link\" data-id=\"https:\/\/www.argedour.bzh\/le-devoir-politique-et-charles-de-blois\/\" target=\"_blank\" rel=\"noreferrer noopener\">AR GEDOUR<\/a><\/p>\n\n\n\n<p>Merci \u00e0 Ar Gedour et \u00e0 ses veilleurs !<\/p>\n\n\n<div class=\"wp-block-image\">\n<figure class=\"aligncenter size-medium\"><img loading=\"lazy\" decoding=\"async\" width=\"300\" height=\"295\" src=\"https:\/\/paroisse-auray-pluneret.fr\/wp-content\/uploads\/2025\/09\/image-1-300x295.png\" alt=\"\" class=\"wp-image-1618\" srcset=\"https:\/\/paroisse-auray-pluneret.fr\/wp-content\/uploads\/2025\/09\/image-1-300x295.png 300w, https:\/\/paroisse-auray-pluneret.fr\/wp-content\/uploads\/2025\/09\/image-1.png 607w\" sizes=\"auto, (max-width: 300px) 100vw, 300px\" \/><\/figure>\n<\/div>\n\n\n<p>Dimanche 28 septembre, lors du Pardon annuel, elles ont pu enfin retrouver leur place dans l&rsquo;\u00e9glise.<\/p>\n\n\n\n<p>Ga\u00ebtan a pu \u00e9galement nous faire d\u00e9couvrir la magnifique chasuble du P\u00e8re Chevassu : <\/p>\n\n\n<div class=\"wp-block-image\">\n<figure class=\"aligncenter size-full\"><img loading=\"lazy\" decoding=\"async\" width=\"597\" height=\"582\" src=\"https:\/\/paroisse-auray-pluneret.fr\/wp-content\/uploads\/2025\/09\/image-2.png\" alt=\"\" class=\"wp-image-1619\" srcset=\"https:\/\/paroisse-auray-pluneret.fr\/wp-content\/uploads\/2025\/09\/image-2.png 597w, https:\/\/paroisse-auray-pluneret.fr\/wp-content\/uploads\/2025\/09\/image-2-300x292.png 300w\" sizes=\"auto, (max-width: 597px) 100vw, 597px\" \/><\/figure>\n<\/div>","protected":false},"excerpt":{"rendered":"<p>Saviez vous que les reliques de Charles de Blois, vol\u00e9es il y a quelques ann\u00e9es, ont \u00e9t\u00e9 retrouv\u00e9es dans une brocante par un veilleur de Ar Gedour ? Ces reliques avaient \u00e9t\u00e9 remises le 12 octobre 1930 au P\u00e8re Chevassu par le recteur de Guingamp. \u00ab\u00a0Ar Gedour\u00a0\u00bb, m\u00e9dia d&rsquo;actualit\u00e9 culturelle et spirituelle en Bretagne, s&rsquo;investit<a class=\"more-link\" href=\"https:\/\/paroisse-auray-pluneret.fr\/index.php\/2025\/09\/29\/dimanche-28-septembre-pardon-de-charles-de-blois\/\">Lire la suite <span class=\"screen-reader-text\">\u00ab\u00a0Pardon de Charles de Blois : les reliques sont revenues\u00a0\u00bb<\/span><\/a><\/p>\n","protected":false},"author":7,"featured_media":1620,"comment_status":"closed","ping_status":"","sticky":false,"template":"","format":"standard","meta":{"_eb_attr":"","iawp_total_views":26,"footnotes":""},"categories":[6],"tags":[],"class_list":["post-1484","post","type-post","status-publish","format-standard","has-post-thumbnail","hentry","category-actu","entry"],"_links":{"self":[{"href":"https:\/\/paroisse-auray-pluneret.fr\/index.php\/wp-json\/wp\/v2\/posts\/1484","targetHints":{"allow":["GET"]}}],"collection":[{"href":"https:\/\/paroisse-auray-pluneret.fr\/index.php\/wp-json\/wp\/v2\/posts"}],"about":[{"href":"https:\/\/paroisse-auray-pluneret.fr\/index.php\/wp-json\/wp\/v2\/types\/post"}],"author":[{"embeddable":true,"href":"https:\/\/paroisse-auray-pluneret.fr\/index.php\/wp-json\/wp\/v2\/users\/7"}],"replies":[{"embeddable":true,"href":"https:\/\/paroisse-auray-pluneret.fr\/index.php\/wp-json\/wp\/v2\/comments?post=1484"}],"version-history":[{"count":18,"href":"https:\/\/paroisse-auray-pluneret.fr\/index.php\/wp-json\/wp\/v2\/posts\/1484\/revisions"}],"predecessor-version":[{"id":1664,"href":"https:\/\/paroisse-auray-pluneret.fr\/index.php\/wp-json\/wp\/v2\/posts\/1484\/revisions\/1664"}],"wp:featuredmedia":[{"embeddable":true,"href":"https:\/\/paroisse-auray-pluneret.fr\/index.php\/wp-json\/wp\/v2\/media\/1620"}],"wp:attachment":[{"href":"https:\/\/paroisse-auray-pluneret.fr\/index.php\/wp-json\/wp\/v2\/media?parent=1484"}],"wp:term":[{"taxonomy":"category","embeddable":true,"href":"https:\/\/paroisse-auray-pluneret.fr\/index.php\/wp-json\/wp\/v2\/categories?post=1484"},{"taxonomy":"post_tag","embeddable":true,"href":"https:\/\/paroisse-auray-pluneret.fr\/index.php\/wp-json\/wp\/v2\/tags?post=1484"}],"curies":[{"name":"wp","href":"https:\/\/api.w.org\/{rel}","templated":true}]}}