{"id":1482,"date":"2025-08-14T08:20:04","date_gmt":"2025-08-14T06:20:04","guid":{"rendered":"https:\/\/paroisse-auray-pluneret.fr\/?p=1482"},"modified":"2025-09-17T11:04:27","modified_gmt":"2025-09-17T09:04:27","slug":"vendredi-19-septembre-concert-polyphonies-corses-par-les-voix-de-lemotion","status":"publish","type":"post","link":"https:\/\/paroisse-auray-pluneret.fr\/index.php\/2025\/08\/14\/vendredi-19-septembre-concert-polyphonies-corses-par-les-voix-de-lemotion\/","title":{"rendered":"Le concert Polyphonies Corses par \u00ab Les Voix de l\u2019\u00c9motion \u00a0\u00bb pr\u00e9vu le vendredi 19 septembre \u00e0 20h \u00e0 l&rsquo;\u00e9glise Saint Gildas est annul\u00e9"},"content":{"rendered":"","protected":false},"excerpt":{"rendered":"","protected":false},"author":2,"featured_media":0,"comment_status":"closed","ping_status":"","sticky":false,"template":"","format":"standard","meta":{"_eb_attr":"","iawp_total_views":9,"footnotes":""},"categories":[1],"tags":[],"class_list":["post-1482","post","type-post","status-publish","format-standard","hentry","category-non-classe","entry"],"_links":{"self":[{"href":"https:\/\/paroisse-auray-pluneret.fr\/index.php\/wp-json\/wp\/v2\/posts\/1482","targetHints":{"allow":["GET"]}}],"collection":[{"href":"https:\/\/paroisse-auray-pluneret.fr\/index.php\/wp-json\/wp\/v2\/posts"}],"about":[{"href":"https:\/\/paroisse-auray-pluneret.fr\/index.php\/wp-json\/wp\/v2\/types\/post"}],"author":[{"embeddable":true,"href":"https:\/\/paroisse-auray-pluneret.fr\/index.php\/wp-json\/wp\/v2\/users\/2"}],"replies":[{"embeddable":true,"href":"https:\/\/paroisse-auray-pluneret.fr\/index.php\/wp-json\/wp\/v2\/comments?post=1482"}],"version-history":[{"count":3,"href":"https:\/\/paroisse-auray-pluneret.fr\/index.php\/wp-json\/wp\/v2\/posts\/1482\/revisions"}],"predecessor-version":[{"id":1551,"href":"https:\/\/paroisse-auray-pluneret.fr\/index.php\/wp-json\/wp\/v2\/posts\/1482\/revisions\/1551"}],"wp:attachment":[{"href":"https:\/\/paroisse-auray-pluneret.fr\/index.php\/wp-json\/wp\/v2\/media?parent=1482"}],"wp:term":[{"taxonomy":"category","embeddable":true,"href":"https:\/\/paroisse-auray-pluneret.fr\/index.php\/wp-json\/wp\/v2\/categories?post=1482"},{"taxonomy":"post_tag","embeddable":true,"href":"https:\/\/paroisse-auray-pluneret.fr\/index.php\/wp-json\/wp\/v2\/tags?post=1482"}],"curies":[{"name":"wp","href":"https:\/\/api.w.org\/{rel}","templated":true}]}}