{"id":1445,"date":"2025-07-26T08:51:20","date_gmt":"2025-07-26T06:51:20","guid":{"rendered":"https:\/\/paroisse-auray-pluneret.fr\/?p=1445"},"modified":"2025-08-11T17:18:21","modified_gmt":"2025-08-11T15:18:21","slug":"bric-a-brac-paroissial-annuel","status":"publish","type":"post","link":"https:\/\/paroisse-auray-pluneret.fr\/index.php\/2025\/07\/26\/bric-a-brac-paroissial-annuel\/","title":{"rendered":"Bric \u00e0 brac paroissial annuel"},"content":{"rendered":"\n<p>L&rsquo;association SETAM vous donne RDV pour le Bric \u00e0 Brac pour tous et tous les go\u00fbts dans la cour du presbyt\u00e8re St Gildas, du 04 au 08 ao\u00fbt<\/p>\n\n\n\n<p>Vous pouvez aussi venir y d\u00e9poser des objets beaux ou utiles dont vous souhaitez faire don pour la vente. Merci<\/p>\n","protected":false},"excerpt":{"rendered":"<p>L&rsquo;association SETAM vous donne RDV pour le Bric \u00e0 Brac pour tous et tous les go\u00fbts dans la cour du presbyt\u00e8re St Gildas, du 04 au 08 ao\u00fbt Vous pouvez aussi venir y d\u00e9poser des objets beaux ou utiles dont vous souhaitez faire don pour la vente. Merci<\/p>\n","protected":false},"author":2,"featured_media":0,"comment_status":"closed","ping_status":"","sticky":false,"template":"","format":"standard","meta":{"_eb_attr":"","iawp_total_views":3,"footnotes":""},"categories":[1],"tags":[],"class_list":["post-1445","post","type-post","status-publish","format-standard","hentry","category-non-classe","entry"],"_links":{"self":[{"href":"https:\/\/paroisse-auray-pluneret.fr\/index.php\/wp-json\/wp\/v2\/posts\/1445","targetHints":{"allow":["GET"]}}],"collection":[{"href":"https:\/\/paroisse-auray-pluneret.fr\/index.php\/wp-json\/wp\/v2\/posts"}],"about":[{"href":"https:\/\/paroisse-auray-pluneret.fr\/index.php\/wp-json\/wp\/v2\/types\/post"}],"author":[{"embeddable":true,"href":"https:\/\/paroisse-auray-pluneret.fr\/index.php\/wp-json\/wp\/v2\/users\/2"}],"replies":[{"embeddable":true,"href":"https:\/\/paroisse-auray-pluneret.fr\/index.php\/wp-json\/wp\/v2\/comments?post=1445"}],"version-history":[{"count":3,"href":"https:\/\/paroisse-auray-pluneret.fr\/index.php\/wp-json\/wp\/v2\/posts\/1445\/revisions"}],"predecessor-version":[{"id":1452,"href":"https:\/\/paroisse-auray-pluneret.fr\/index.php\/wp-json\/wp\/v2\/posts\/1445\/revisions\/1452"}],"wp:attachment":[{"href":"https:\/\/paroisse-auray-pluneret.fr\/index.php\/wp-json\/wp\/v2\/media?parent=1445"}],"wp:term":[{"taxonomy":"category","embeddable":true,"href":"https:\/\/paroisse-auray-pluneret.fr\/index.php\/wp-json\/wp\/v2\/categories?post=1445"},{"taxonomy":"post_tag","embeddable":true,"href":"https:\/\/paroisse-auray-pluneret.fr\/index.php\/wp-json\/wp\/v2\/tags?post=1445"}],"curies":[{"name":"wp","href":"https:\/\/api.w.org\/{rel}","templated":true}]}}