{"id":1373,"date":"2025-06-28T08:15:04","date_gmt":"2025-06-28T06:15:04","guid":{"rendered":"https:\/\/paroisse-auray-pluneret.fr\/?p=1373"},"modified":"2025-06-30T14:34:40","modified_gmt":"2025-06-30T12:34:40","slug":"dimanche-29-juin-pardon-de-st-pierre-st-paul-a-pluneret","status":"publish","type":"post","link":"https:\/\/paroisse-auray-pluneret.fr\/index.php\/2025\/06\/28\/dimanche-29-juin-pardon-de-st-pierre-st-paul-a-pluneret\/","title":{"rendered":"Dimanche 29 juin : pardon de St Pierre &amp; St Paul \u00e0 Pluneret"},"content":{"rendered":"\n<p>C&rsquo;\u00e9tait le f\u00eate patronale en l&rsquo;\u00e9glise Saint Pierre Saint Paul de Pluneret, pr\u00e9sid\u00e9e par son \u00c9minence le Cardinal Micha\u00ebl Fitzgerald et co-c\u00e9l\u00e9br\u00e9e par nos pr\u00eatres de la paroisse.<\/p>\n\n\n\n<figure class=\"wp-block-image size-full\"><img loading=\"lazy\" decoding=\"async\" width=\"847\" height=\"866\" src=\"https:\/\/paroisse-auray-pluneret.fr\/wp-content\/uploads\/2025\/06\/image-3.png\" alt=\"\" class=\"wp-image-1388\" srcset=\"https:\/\/paroisse-auray-pluneret.fr\/wp-content\/uploads\/2025\/06\/image-3.png 847w, https:\/\/paroisse-auray-pluneret.fr\/wp-content\/uploads\/2025\/06\/image-3-293x300.png 293w, https:\/\/paroisse-auray-pluneret.fr\/wp-content\/uploads\/2025\/06\/image-3-768x785.png 768w\" sizes=\"auto, (max-width: 847px) 100vw, 847px\" \/><\/figure>\n\n\n\n<p><br>C&rsquo;est au cours de la messe qu&rsquo;a \u00e9t\u00e9 baptis\u00e9 le petit Alexis Brochard :<\/p>\n\n\n\n<figure class=\"wp-block-image size-large\"><img loading=\"lazy\" decoding=\"async\" width=\"1024\" height=\"655\" src=\"https:\/\/paroisse-auray-pluneret.fr\/wp-content\/uploads\/2025\/06\/image-4-1024x655.png\" alt=\"\" class=\"wp-image-1389\" srcset=\"https:\/\/paroisse-auray-pluneret.fr\/wp-content\/uploads\/2025\/06\/image-4-1024x655.png 1024w, https:\/\/paroisse-auray-pluneret.fr\/wp-content\/uploads\/2025\/06\/image-4-300x192.png 300w, https:\/\/paroisse-auray-pluneret.fr\/wp-content\/uploads\/2025\/06\/image-4-768x491.png 768w, https:\/\/paroisse-auray-pluneret.fr\/wp-content\/uploads\/2025\/06\/image-4.png 1378w\" sizes=\"auto, (max-width: 1024px) 100vw, 1024px\" \/><\/figure>\n\n\n\n<p><br>Le ch\u0153ur Nicolazic, de l&rsquo;Acad\u00e9mie de Musique et d&rsquo;Art Sacr\u00e9 de Sainte Anne, animait les chants et le vieil harmonium avait repris du service pour l&rsquo;occasion.<br>Le verre de l&rsquo;amiti\u00e9, servi dans la maison paroissiale, cl\u00f4turait la c\u00e9r\u00e9monie.<br>Nous avons eu l&rsquo;immense joie de voir l&rsquo;\u00e9glise pleine, d&rsquo;appr\u00e9cier l&rsquo;hom\u00e9lie de son Eminence au v\u00e9cu si rempli, et de chanter St Pierre St Paul. Et Alexis a eu une c\u00e9r\u00e9monie de bapt\u00eame qui laissera un souvenir exceptionnel \u00e0 sa famille.<br>Pluneret est une paroisse primitive fond\u00e9e au X \u00e8me si\u00e8cle, consacr\u00e9e d\u00e8s l&rsquo;origine \u00e0 St Pierre St Paul. Au fil des si\u00e8cles son aura s&rsquo;est estomp\u00e9e au profit d&rsquo;Auray et de Ste Anne. Une c\u00e9r\u00e9monie comme celle-ci, qui a rassembl\u00e9 l&rsquo;ensemble de la communaut\u00e9 paroissiale, fait revivre l&rsquo;\u00e9glise .<\/p>\n","protected":false},"excerpt":{"rendered":"<p>C&rsquo;\u00e9tait le f\u00eate patronale en l&rsquo;\u00e9glise Saint Pierre Saint Paul de Pluneret, pr\u00e9sid\u00e9e par son \u00c9minence le Cardinal Micha\u00ebl Fitzgerald et co-c\u00e9l\u00e9br\u00e9e par nos pr\u00eatres de la paroisse. C&rsquo;est au cours de la messe qu&rsquo;a \u00e9t\u00e9 baptis\u00e9 le petit Alexis Brochard : Le ch\u0153ur Nicolazic, de l&rsquo;Acad\u00e9mie de Musique et d&rsquo;Art Sacr\u00e9 de Sainte Anne,<a class=\"more-link\" href=\"https:\/\/paroisse-auray-pluneret.fr\/index.php\/2025\/06\/28\/dimanche-29-juin-pardon-de-st-pierre-st-paul-a-pluneret\/\">Lire la suite <span class=\"screen-reader-text\">\u00ab\u00a0Dimanche 29 juin : pardon de St Pierre &amp; St Paul \u00e0 Pluneret\u00a0\u00bb<\/span><\/a><\/p>\n","protected":false},"author":2,"featured_media":1386,"comment_status":"closed","ping_status":"","sticky":false,"template":"","format":"standard","meta":{"_eb_attr":"","iawp_total_views":20,"footnotes":""},"categories":[6],"tags":[],"class_list":["post-1373","post","type-post","status-publish","format-standard","has-post-thumbnail","hentry","category-actu","entry"],"_links":{"self":[{"href":"https:\/\/paroisse-auray-pluneret.fr\/index.php\/wp-json\/wp\/v2\/posts\/1373","targetHints":{"allow":["GET"]}}],"collection":[{"href":"https:\/\/paroisse-auray-pluneret.fr\/index.php\/wp-json\/wp\/v2\/posts"}],"about":[{"href":"https:\/\/paroisse-auray-pluneret.fr\/index.php\/wp-json\/wp\/v2\/types\/post"}],"author":[{"embeddable":true,"href":"https:\/\/paroisse-auray-pluneret.fr\/index.php\/wp-json\/wp\/v2\/users\/2"}],"replies":[{"embeddable":true,"href":"https:\/\/paroisse-auray-pluneret.fr\/index.php\/wp-json\/wp\/v2\/comments?post=1373"}],"version-history":[{"count":5,"href":"https:\/\/paroisse-auray-pluneret.fr\/index.php\/wp-json\/wp\/v2\/posts\/1373\/revisions"}],"predecessor-version":[{"id":1390,"href":"https:\/\/paroisse-auray-pluneret.fr\/index.php\/wp-json\/wp\/v2\/posts\/1373\/revisions\/1390"}],"wp:featuredmedia":[{"embeddable":true,"href":"https:\/\/paroisse-auray-pluneret.fr\/index.php\/wp-json\/wp\/v2\/media\/1386"}],"wp:attachment":[{"href":"https:\/\/paroisse-auray-pluneret.fr\/index.php\/wp-json\/wp\/v2\/media?parent=1373"}],"wp:term":[{"taxonomy":"category","embeddable":true,"href":"https:\/\/paroisse-auray-pluneret.fr\/index.php\/wp-json\/wp\/v2\/categories?post=1373"},{"taxonomy":"post_tag","embeddable":true,"href":"https:\/\/paroisse-auray-pluneret.fr\/index.php\/wp-json\/wp\/v2\/tags?post=1373"}],"curies":[{"name":"wp","href":"https:\/\/api.w.org\/{rel}","templated":true}]}}