{"id":1365,"date":"2025-06-29T09:21:37","date_gmt":"2025-06-29T07:21:37","guid":{"rendered":"https:\/\/paroisse-auray-pluneret.fr\/?p=1365"},"modified":"2025-07-09T15:30:17","modified_gmt":"2025-07-09T13:30:17","slug":"ete-la-joie-daccueillir","status":"publish","type":"post","link":"https:\/\/paroisse-auray-pluneret.fr\/index.php\/2025\/06\/29\/ete-la-joie-daccueillir\/","title":{"rendered":"Et\u00e9 : la joie d&rsquo;accueillir"},"content":{"rendered":"\n<p><em>Cette joie nous la vivons sous le soleil, au bord de la mer et dans notre r\u00e9gion si touristique. Nous accueillerons nos familles, nos amis qui viendront passer quelque temps chez nous ou tout simplement des touristes qui visiteront notre patrimoine et participeront, pour certains, \u00e0 nos assembl\u00e9es. Sachons les accueillir.<\/em><\/p>\n\n\n\n<p><em>Avec le mois de Juin, les f\u00eates de la foi viennent couronner notre ann\u00e9e pastorale qui a \u00e9t\u00e9 si riche en \u00e9v\u00e8nements, en rencontres, en c\u00e9l\u00e9brations, notamment autour du jubil\u00e9 des 400 ans des apparitions de Ste Anne \u00e0 Yvon Nicolazic et qui aura son apoth\u00e9ose les 25 et 26 juillet prochain.<\/em><\/p>\n\n\n\n<p><em>Les 22, 23 et 24 juillet 2025, la \u00a0\u00bb&nbsp;TROM\u00c9NIE\u00a0\u00bb, vient nous inviter \u00e0 c\u00e9l\u00e9brer notre bonne patronne Ste Anne et son petit-fils J\u00e9sus-Christ : Fils de Marie et Fils de Dieu. Comme nous aimons chanter \u00ab Sainte Anne, M\u00e8re de Marie, conduis- nous vers J\u00e9sus \u00bb ; En mettant nos pas dans ceux des nombreux p\u00e8lerins et de nos a\u00efeux dans la foi, nous manifestons une fois de plus que \u00ab l\u2019esp\u00e9rance ne d\u00e9\u00e7oit pas \u00bb.<\/em><\/p>\n\n\n\n<p><em>Vous \u00eates tous invit\u00e9s \u00e0 vivre ces moments de f\u00eate, qui pr\u00e9c\u00e9deront le Grand PARDON DE SAINTE ANNE, dans notre Ensemble paroissial que traversera la statue de Ste Anne. Nous ferons m\u00e9moire de notre bapt\u00eame comme d\u2019un envoi \u00e0 l\u2019image de ce pieux Nicolazic qui fut baptis\u00e9 en l\u2019\u00e9glise de Pluneret. Une plaque comm\u00e9morative pr\u00e8s des fonts baptismaux dans l\u2019\u00e9glise actuelle de Pluneret, marquera cet \u00e9v\u00e9nement.&nbsp;<\/em><\/p>\n\n\n\n<p><em>Notre joie d\u2019accueillir la m\u00e8re de Marie et de la prier ici chez nous, manifestera combien les gr\u00e2ces d\u00e9j\u00e0 re\u00e7ues en abondance au cours de ces 400 ans et celle qui viendront, nous transforment et nous aident \u00e0 continuer de croire et d\u2019esp\u00e9rer des temps nouveaux.<\/em><\/p>\n\n\n\n<p><em>De larges propositions permettront de raviver et de partager une esp\u00e9rance qui ne peut se mettre en vacances.<\/em><\/p>\n\n\n\n<p><em>A tous et \u00e0 chacun, bel \u00e9t\u00e9. Qu\u2019il soit riche de rencontres et de d\u00e9couvertes et ainsi transforme nos vies. Le Seigneur passe pour nous et par nous.<\/em><\/p>\n\n\n\n<p><em>Accueillons-le pour la joie de tous.<br>P. Ga\u00e9tan LUCAS&nbsp;<\/em><\/p>\n","protected":false},"excerpt":{"rendered":"<p>Cette joie nous la vivons sous le soleil, au bord de la mer et dans notre r\u00e9gion si touristique. Nous accueillerons nos familles, nos amis qui viendront passer quelque temps chez nous ou tout simplement des touristes qui visiteront notre patrimoine et participeront, pour certains, \u00e0 nos assembl\u00e9es. Sachons les accueillir. Avec le mois de<a class=\"more-link\" href=\"https:\/\/paroisse-auray-pluneret.fr\/index.php\/2025\/06\/29\/ete-la-joie-daccueillir\/\">Lire la suite <span class=\"screen-reader-text\">\u00ab\u00a0Et\u00e9 : la joie d&rsquo;accueillir\u00a0\u00bb<\/span><\/a><\/p>\n","protected":false},"author":8,"featured_media":853,"comment_status":"closed","ping_status":"closed","sticky":false,"template":"","format":"standard","meta":{"_eb_attr":"","iawp_total_views":29,"footnotes":""},"categories":[6],"tags":[],"class_list":["post-1365","post","type-post","status-publish","format-standard","has-post-thumbnail","hentry","category-actu","entry"],"_links":{"self":[{"href":"https:\/\/paroisse-auray-pluneret.fr\/index.php\/wp-json\/wp\/v2\/posts\/1365","targetHints":{"allow":["GET"]}}],"collection":[{"href":"https:\/\/paroisse-auray-pluneret.fr\/index.php\/wp-json\/wp\/v2\/posts"}],"about":[{"href":"https:\/\/paroisse-auray-pluneret.fr\/index.php\/wp-json\/wp\/v2\/types\/post"}],"author":[{"embeddable":true,"href":"https:\/\/paroisse-auray-pluneret.fr\/index.php\/wp-json\/wp\/v2\/users\/8"}],"replies":[{"embeddable":true,"href":"https:\/\/paroisse-auray-pluneret.fr\/index.php\/wp-json\/wp\/v2\/comments?post=1365"}],"version-history":[{"count":3,"href":"https:\/\/paroisse-auray-pluneret.fr\/index.php\/wp-json\/wp\/v2\/posts\/1365\/revisions"}],"predecessor-version":[{"id":1372,"href":"https:\/\/paroisse-auray-pluneret.fr\/index.php\/wp-json\/wp\/v2\/posts\/1365\/revisions\/1372"}],"wp:featuredmedia":[{"embeddable":true,"href":"https:\/\/paroisse-auray-pluneret.fr\/index.php\/wp-json\/wp\/v2\/media\/853"}],"wp:attachment":[{"href":"https:\/\/paroisse-auray-pluneret.fr\/index.php\/wp-json\/wp\/v2\/media?parent=1365"}],"wp:term":[{"taxonomy":"category","embeddable":true,"href":"https:\/\/paroisse-auray-pluneret.fr\/index.php\/wp-json\/wp\/v2\/categories?post=1365"},{"taxonomy":"post_tag","embeddable":true,"href":"https:\/\/paroisse-auray-pluneret.fr\/index.php\/wp-json\/wp\/v2\/tags?post=1365"}],"curies":[{"name":"wp","href":"https:\/\/api.w.org\/{rel}","templated":true}]}}