{"id":1361,"date":"2025-06-21T09:13:21","date_gmt":"2025-06-21T07:13:21","guid":{"rendered":"https:\/\/paroisse-auray-pluneret.fr\/?p=1361"},"modified":"2025-07-02T08:28:44","modified_gmt":"2025-07-02T06:28:44","slug":"sacrement-du-frere","status":"publish","type":"post","link":"https:\/\/paroisse-auray-pluneret.fr\/index.php\/2025\/06\/21\/sacrement-du-frere\/","title":{"rendered":"Sacrement du fr\u00e8re"},"content":{"rendered":"\n<p>Un grand merci aux 142 personnes qui ont r\u00e9pondu au questionnaire distribu\u00e9 lors des messes du dimanche 18 mai. Ci-apr\u00e8s la synth\u00e8se de vos r\u00e9ponses&nbsp;: A quoi reconnaissons nous que nous sommes disciples du Christ&nbsp;?<\/p>\n\n\n\n<p>Participation \u00e0 la messe et aux offices (20) Notre qualit\u00e9 de disciples du Christ rejaillit dans notre vie quotidienne (50) importance de l\u2019accueil (16) Les oubli\u00e9s\u00a0? Personnes ag\u00e9es et malades (35) nouveaux (4) sans abris pr\u00e9caires et exclus (13) Jeunes et jeunes familles (20)<\/p>\n\n\n\n<p>Comment d\u00e9velopper la vie communautaire et l\u2019accueil&nbsp;? Inviter au bonjour au d\u00e9but des c\u00e9l\u00e9brations mise en place d\u2019un covoiturage plus de place aux jeunes (lecture, chants, garderie Pique-nique de rentr\u00e9e Repas partag\u00e9s D\u00e9jeuners dominicaux Parcours ALPHA modifier les rythmes des messes pour mieux faire paroisse proposer des actions caritatives paroissiales signalisation des chants<\/p>\n\n\n\n<p>panneaux d\u2019information, cr\u00e9ation d\u2019un groupe WhatsApp paroissial, recueil des personnes ne pouvant se d\u00e9placer&#8230; L\u2019\u00e9quipe diaconie et l\u2019\u00e9quipe pastorale vont continuer leurs travaux et proposer des actions, mais nous sommes toutes et tous concern\u00e9es.<\/p>\n\n\n\n<p>En avant&nbsp;!<\/p>\n","protected":false},"excerpt":{"rendered":"<p>Un grand merci aux 142 personnes qui ont r\u00e9pondu au questionnaire distribu\u00e9 lors des messes du dimanche 18 mai. Ci-apr\u00e8s la synth\u00e8se de vos r\u00e9ponses&nbsp;: A quoi reconnaissons nous que nous sommes disciples du Christ&nbsp;? Participation \u00e0 la messe et aux offices (20) Notre qualit\u00e9 de disciples du Christ rejaillit dans notre vie quotidienne (50)<a class=\"more-link\" href=\"https:\/\/paroisse-auray-pluneret.fr\/index.php\/2025\/06\/21\/sacrement-du-frere\/\">Lire la suite <span class=\"screen-reader-text\">\u00ab\u00a0Sacrement du fr\u00e8re\u00a0\u00bb<\/span><\/a><\/p>\n","protected":false},"author":5,"featured_media":1362,"comment_status":"closed","ping_status":"closed","sticky":false,"template":"","format":"standard","meta":{"_eb_attr":"","iawp_total_views":13,"footnotes":""},"categories":[6],"tags":[],"class_list":["post-1361","post","type-post","status-publish","format-standard","has-post-thumbnail","hentry","category-actu","entry"],"_links":{"self":[{"href":"https:\/\/paroisse-auray-pluneret.fr\/index.php\/wp-json\/wp\/v2\/posts\/1361","targetHints":{"allow":["GET"]}}],"collection":[{"href":"https:\/\/paroisse-auray-pluneret.fr\/index.php\/wp-json\/wp\/v2\/posts"}],"about":[{"href":"https:\/\/paroisse-auray-pluneret.fr\/index.php\/wp-json\/wp\/v2\/types\/post"}],"author":[{"embeddable":true,"href":"https:\/\/paroisse-auray-pluneret.fr\/index.php\/wp-json\/wp\/v2\/users\/5"}],"replies":[{"embeddable":true,"href":"https:\/\/paroisse-auray-pluneret.fr\/index.php\/wp-json\/wp\/v2\/comments?post=1361"}],"version-history":[{"count":2,"href":"https:\/\/paroisse-auray-pluneret.fr\/index.php\/wp-json\/wp\/v2\/posts\/1361\/revisions"}],"predecessor-version":[{"id":1364,"href":"https:\/\/paroisse-auray-pluneret.fr\/index.php\/wp-json\/wp\/v2\/posts\/1361\/revisions\/1364"}],"wp:featuredmedia":[{"embeddable":true,"href":"https:\/\/paroisse-auray-pluneret.fr\/index.php\/wp-json\/wp\/v2\/media\/1362"}],"wp:attachment":[{"href":"https:\/\/paroisse-auray-pluneret.fr\/index.php\/wp-json\/wp\/v2\/media?parent=1361"}],"wp:term":[{"taxonomy":"category","embeddable":true,"href":"https:\/\/paroisse-auray-pluneret.fr\/index.php\/wp-json\/wp\/v2\/categories?post=1361"},{"taxonomy":"post_tag","embeddable":true,"href":"https:\/\/paroisse-auray-pluneret.fr\/index.php\/wp-json\/wp\/v2\/tags?post=1361"}],"curies":[{"name":"wp","href":"https:\/\/api.w.org\/{rel}","templated":true}]}}