{"id":1357,"date":"2025-06-21T09:03:50","date_gmt":"2025-06-21T07:03:50","guid":{"rendered":"https:\/\/paroisse-auray-pluneret.fr\/?p=1357"},"modified":"2025-07-26T08:43:46","modified_gmt":"2025-07-26T06:43:46","slug":"22-juillet-la-tromenie-de-saint-anne-sera-a-auray","status":"publish","type":"post","link":"https:\/\/paroisse-auray-pluneret.fr\/index.php\/2025\/06\/21\/22-juillet-la-tromenie-de-saint-anne-sera-a-auray\/","title":{"rendered":"22-23-24 juillet : la trom\u00e9nie de Saint Anne sur notre ensemble paroissial"},"content":{"rendered":"\n<p>Une&nbsp;cal\u00e8che tir\u00e9e par un cheval&nbsp;de trait breton, portant une&nbsp;grande statue de sainte Anne, fait le tour du Dioc\u00e8se de Vannes depuis le 7 mars dernier.<\/p>\n\n\n\n<p>En 2025, cet \u00e9v\u00e9nement rev\u00eat une signification particuli\u00e8re, marquant le jubil\u00e9 des apparitions de Sainte-Anne \u00e0 Yvon Nicolazic en 1625,<\/p>\n\n\n\n<p>Elle sera <strong>\u00e0 Auray le 22 juillet, en s\u2019arr\u00eatant \u00e0 l\u2019\u00e9glise du Bx Charles de Blois en d\u00e9but d\u2019apr\u00e8s-midi.<\/strong><br><strong>Elle poursuivra son chemin vers la chapelle Saint Cado, puis arrivera vers 17h \u00e0 Saint Gildas, o\u00f9 elle sera intronis\u00e9e\u00a0: contes, pri\u00e8res, suivis veill\u00e9e de pri\u00e8res \u00e0 partir 19h30.<\/strong> <\/p>\n\n\n\n<p>Le lendemain <strong>23 juillet, messe \u00e0 9h30 et passage dans la ville d\u2019Auray et Saint Goustan. En d\u00e9but d\u2019apr\u00e8s-midi, animation avec les diff\u00e9rents EHPAD sur le parking de celui de Keriolet<\/strong>.<\/p>\n\n\n\n<p>La trom\u00e9nie reprendra la route <strong>en direction de Pluneret o\u00f9 elle sera intronis\u00e9e \u00e0 17h \u00e0 l\u2019\u00e9glise St Pierre et St Paul, lieu du bapt\u00eame de Yvon Nicolazic\u00a0: animations, enseignement, suivis d\u2019une veill\u00e9e de pri\u00e8res \u00e0 partir de 19h30<\/strong>.<\/p>\n\n\n\n<p><strong>Le 24, messe \u00e0 10h30 et d\u00e9part vers Sainte Anne via M\u00e9riadec.<\/strong>\u00a0<\/p>\n","protected":false},"excerpt":{"rendered":"<p>Une&nbsp;cal\u00e8che tir\u00e9e par un cheval&nbsp;de trait breton, portant une&nbsp;grande statue de sainte Anne, fait le tour du Dioc\u00e8se de Vannes depuis le 7 mars dernier. En 2025, cet \u00e9v\u00e9nement rev\u00eat une signification particuli\u00e8re, marquant le jubil\u00e9 des apparitions de Sainte-Anne \u00e0 Yvon Nicolazic en 1625, Elle sera \u00e0 Auray le 22 juillet, en s\u2019arr\u00eatant \u00e0<a class=\"more-link\" href=\"https:\/\/paroisse-auray-pluneret.fr\/index.php\/2025\/06\/21\/22-juillet-la-tromenie-de-saint-anne-sera-a-auray\/\">Lire la suite <span class=\"screen-reader-text\">\u00ab\u00a022-23-24 juillet : la trom\u00e9nie de Saint Anne sur notre ensemble paroissial\u00a0\u00bb<\/span><\/a><\/p>\n","protected":false},"author":2,"featured_media":1144,"comment_status":"closed","ping_status":"","sticky":false,"template":"","format":"standard","meta":{"_eb_attr":"","iawp_total_views":10,"footnotes":""},"categories":[1],"tags":[],"class_list":["post-1357","post","type-post","status-publish","format-standard","has-post-thumbnail","hentry","category-non-classe","entry"],"_links":{"self":[{"href":"https:\/\/paroisse-auray-pluneret.fr\/index.php\/wp-json\/wp\/v2\/posts\/1357","targetHints":{"allow":["GET"]}}],"collection":[{"href":"https:\/\/paroisse-auray-pluneret.fr\/index.php\/wp-json\/wp\/v2\/posts"}],"about":[{"href":"https:\/\/paroisse-auray-pluneret.fr\/index.php\/wp-json\/wp\/v2\/types\/post"}],"author":[{"embeddable":true,"href":"https:\/\/paroisse-auray-pluneret.fr\/index.php\/wp-json\/wp\/v2\/users\/2"}],"replies":[{"embeddable":true,"href":"https:\/\/paroisse-auray-pluneret.fr\/index.php\/wp-json\/wp\/v2\/comments?post=1357"}],"version-history":[{"count":2,"href":"https:\/\/paroisse-auray-pluneret.fr\/index.php\/wp-json\/wp\/v2\/posts\/1357\/revisions"}],"predecessor-version":[{"id":1360,"href":"https:\/\/paroisse-auray-pluneret.fr\/index.php\/wp-json\/wp\/v2\/posts\/1357\/revisions\/1360"}],"wp:featuredmedia":[{"embeddable":true,"href":"https:\/\/paroisse-auray-pluneret.fr\/index.php\/wp-json\/wp\/v2\/media\/1144"}],"wp:attachment":[{"href":"https:\/\/paroisse-auray-pluneret.fr\/index.php\/wp-json\/wp\/v2\/media?parent=1357"}],"wp:term":[{"taxonomy":"category","embeddable":true,"href":"https:\/\/paroisse-auray-pluneret.fr\/index.php\/wp-json\/wp\/v2\/categories?post=1357"},{"taxonomy":"post_tag","embeddable":true,"href":"https:\/\/paroisse-auray-pluneret.fr\/index.php\/wp-json\/wp\/v2\/tags?post=1357"}],"curies":[{"name":"wp","href":"https:\/\/api.w.org\/{rel}","templated":true}]}}