{"id":1347,"date":"2025-06-12T20:41:53","date_gmt":"2025-06-12T18:41:53","guid":{"rendered":"https:\/\/paroisse-auray-pluneret.fr\/?p=1347"},"modified":"2025-06-21T09:08:03","modified_gmt":"2025-06-21T07:08:03","slug":"tromenie-sainte-anne-vient-visiter-ses-bretons","status":"publish","type":"post","link":"https:\/\/paroisse-auray-pluneret.fr\/index.php\/2025\/06\/12\/tromenie-sainte-anne-vient-visiter-ses-bretons\/","title":{"rendered":"Trom\u00e9nie : sainte Anne vient visiter ses bretons"},"content":{"rendered":"\n<p><br>Dans le cadre du Jubil\u00e9 des apparitions de sainte Anne \u00e0 Nicolazic, organis\u00e9 par le Dioc\u00e8se de Vannes, une cal\u00e8che tir\u00e9e par un cheval de trait breton, portant une grande statue de sainte Anne, fera le tour du Dioc\u00e8se de Vannes, du 7 mars 2025 au 26 juillet 2025. <\/p>\n\n\n\n<p>La trom\u00e9nie passera \u00e0 Auray le 22 juillet, en s\u2019arr\u00eatant \u00e0 l\u2019\u00e9glise du Bienheureux Charles de Blois en d\u00e9but d\u2019apr\u00e8s-midi. Elle poursuivra son chemin vers la chapelle Saint Cado, puis arrivera vers 17h \u00e0 Saint Gildas, o\u00f9 elle sera intronis\u00e9e : contes, pri\u00e8res, suivis veill\u00e9e de pri\u00e8res \u00e0 partir 19h30. <\/p>\n\n\n\n<p>Le lendemain 23 juillet, messe \u00e0 9h30 et passage dans la ville d\u2019Auray et Saint Goustan. En d\u00e9but d\u2019apr\u00e8s-midi, animation avec les diff\u00e9rentes EHPAD sur le parking de l\u2019EHPAD de Keriolet. <\/p>\n\n\n\n<p>La trom\u00e9nie reprendra la route en direction de Pluneret o\u00f9 elle sera intronis\u00e9e \u00e0 17h \u00e0 l\u2019\u00e9glise St Pierre et St Paul, lieu du bapt\u00eame de Yvon Nicolazic : animations, enseignement suivie d\u2019une veill\u00e9e de pri\u00e8res \u00e0 partir de 19h30. Le 24, messe \u00e0 10h30 et d\u00e9part vers Sainte Anne via M\u00e9riadec.<\/p>\n","protected":false},"excerpt":{"rendered":"<p>Dans le cadre du Jubil\u00e9 des apparitions de sainte Anne \u00e0 Nicolazic, organis\u00e9 par le Dioc\u00e8se de Vannes, une cal\u00e8che tir\u00e9e par un cheval de trait breton, portant une grande statue de sainte Anne, fera le tour du Dioc\u00e8se de Vannes, du 7 mars 2025 au 26 juillet 2025. La trom\u00e9nie passera \u00e0 Auray le<a class=\"more-link\" href=\"https:\/\/paroisse-auray-pluneret.fr\/index.php\/2025\/06\/12\/tromenie-sainte-anne-vient-visiter-ses-bretons\/\">Lire la suite <span class=\"screen-reader-text\">\u00ab\u00a0Trom\u00e9nie : sainte Anne vient visiter ses bretons\u00a0\u00bb<\/span><\/a><\/p>\n","protected":false},"author":2,"featured_media":1144,"comment_status":"closed","ping_status":"","sticky":false,"template":"","format":"standard","meta":{"_eb_attr":"","iawp_total_views":8,"footnotes":""},"categories":[1],"tags":[],"class_list":["post-1347","post","type-post","status-publish","format-standard","has-post-thumbnail","hentry","category-non-classe","entry"],"_links":{"self":[{"href":"https:\/\/paroisse-auray-pluneret.fr\/index.php\/wp-json\/wp\/v2\/posts\/1347","targetHints":{"allow":["GET"]}}],"collection":[{"href":"https:\/\/paroisse-auray-pluneret.fr\/index.php\/wp-json\/wp\/v2\/posts"}],"about":[{"href":"https:\/\/paroisse-auray-pluneret.fr\/index.php\/wp-json\/wp\/v2\/types\/post"}],"author":[{"embeddable":true,"href":"https:\/\/paroisse-auray-pluneret.fr\/index.php\/wp-json\/wp\/v2\/users\/2"}],"replies":[{"embeddable":true,"href":"https:\/\/paroisse-auray-pluneret.fr\/index.php\/wp-json\/wp\/v2\/comments?post=1347"}],"version-history":[{"count":2,"href":"https:\/\/paroisse-auray-pluneret.fr\/index.php\/wp-json\/wp\/v2\/posts\/1347\/revisions"}],"predecessor-version":[{"id":1349,"href":"https:\/\/paroisse-auray-pluneret.fr\/index.php\/wp-json\/wp\/v2\/posts\/1347\/revisions\/1349"}],"wp:featuredmedia":[{"embeddable":true,"href":"https:\/\/paroisse-auray-pluneret.fr\/index.php\/wp-json\/wp\/v2\/media\/1144"}],"wp:attachment":[{"href":"https:\/\/paroisse-auray-pluneret.fr\/index.php\/wp-json\/wp\/v2\/media?parent=1347"}],"wp:term":[{"taxonomy":"category","embeddable":true,"href":"https:\/\/paroisse-auray-pluneret.fr\/index.php\/wp-json\/wp\/v2\/categories?post=1347"},{"taxonomy":"post_tag","embeddable":true,"href":"https:\/\/paroisse-auray-pluneret.fr\/index.php\/wp-json\/wp\/v2\/tags?post=1347"}],"curies":[{"name":"wp","href":"https:\/\/api.w.org\/{rel}","templated":true}]}}