{"id":1316,"date":"2025-05-04T15:23:53","date_gmt":"2025-05-04T13:23:53","guid":{"rendered":"https:\/\/paroisse-auray-pluneret.fr\/?p=1316"},"modified":"2025-05-08T16:01:27","modified_gmt":"2025-05-08T14:01:27","slug":"4-mai-80e-anniversaire-de-la-mort-de-labbe-joseph-martin","status":"publish","type":"post","link":"https:\/\/paroisse-auray-pluneret.fr\/index.php\/2025\/05\/04\/4-mai-80e-anniversaire-de-la-mort-de-labbe-joseph-martin\/","title":{"rendered":"4 mai : 80e anniversaire de la mort de l&rsquo;abb\u00e9 Joseph Martin"},"content":{"rendered":"\n<p>Abb\u00e9 Joseph MARTIN DE KERGURION\u00c9 ( Auray 1904-1945):<\/p>\n\n\n\n<blockquote class=\"wp-block-quote is-layout-flow wp-block-quote-is-layout-flow\">\n<ul class=\"wp-block-list\">\n<li>N\u00e9 \u00e0 Auray le 29.02.1904<\/li>\n\n\n\n<li>Ordonn\u00e9 pr\u00eatre \u00e0 Vannes le 08.07.1928<\/li>\n\n\n\n<li>Il \u00e9tait membre d\u2019un r\u00e9seau qui \u00e9vacuait les pilotes bless\u00e9s. <\/li>\n\n\n\n<li>Arr\u00eat\u00e9 par les allemands, il mourra en d\u00e9portation le 04 Mai 1945 \u00e0 Teresienbalt <\/li>\n\n\n\n<li>La rue du stade et qui va vers Crac\u2019h porte son nom.<\/li>\n<\/ul>\n<\/blockquote>\n\n\n\n<p><\/p>\n","protected":false},"excerpt":{"rendered":"<p>Abb\u00e9 Joseph MARTIN DE KERGURION\u00c9 ( Auray 1904-1945):<\/p>\n","protected":false},"author":2,"featured_media":0,"comment_status":"closed","ping_status":"","sticky":false,"template":"","format":"standard","meta":{"_eb_attr":"","iawp_total_views":14,"footnotes":""},"categories":[1],"tags":[],"class_list":["post-1316","post","type-post","status-publish","format-standard","hentry","category-non-classe","entry"],"_links":{"self":[{"href":"https:\/\/paroisse-auray-pluneret.fr\/index.php\/wp-json\/wp\/v2\/posts\/1316","targetHints":{"allow":["GET"]}}],"collection":[{"href":"https:\/\/paroisse-auray-pluneret.fr\/index.php\/wp-json\/wp\/v2\/posts"}],"about":[{"href":"https:\/\/paroisse-auray-pluneret.fr\/index.php\/wp-json\/wp\/v2\/types\/post"}],"author":[{"embeddable":true,"href":"https:\/\/paroisse-auray-pluneret.fr\/index.php\/wp-json\/wp\/v2\/users\/2"}],"replies":[{"embeddable":true,"href":"https:\/\/paroisse-auray-pluneret.fr\/index.php\/wp-json\/wp\/v2\/comments?post=1316"}],"version-history":[{"count":1,"href":"https:\/\/paroisse-auray-pluneret.fr\/index.php\/wp-json\/wp\/v2\/posts\/1316\/revisions"}],"predecessor-version":[{"id":1317,"href":"https:\/\/paroisse-auray-pluneret.fr\/index.php\/wp-json\/wp\/v2\/posts\/1316\/revisions\/1317"}],"wp:attachment":[{"href":"https:\/\/paroisse-auray-pluneret.fr\/index.php\/wp-json\/wp\/v2\/media?parent=1316"}],"wp:term":[{"taxonomy":"category","embeddable":true,"href":"https:\/\/paroisse-auray-pluneret.fr\/index.php\/wp-json\/wp\/v2\/categories?post=1316"},{"taxonomy":"post_tag","embeddable":true,"href":"https:\/\/paroisse-auray-pluneret.fr\/index.php\/wp-json\/wp\/v2\/tags?post=1316"}],"curies":[{"name":"wp","href":"https:\/\/api.w.org\/{rel}","templated":true}]}}