{"id":1309,"date":"2025-05-02T08:54:29","date_gmt":"2025-05-02T06:54:29","guid":{"rendered":"https:\/\/paroisse-auray-pluneret.fr\/?p=1309"},"modified":"2025-06-12T20:32:29","modified_gmt":"2025-06-12T18:32:29","slug":"petite-annonce","status":"publish","type":"post","link":"https:\/\/paroisse-auray-pluneret.fr\/index.php\/2025\/05\/02\/petite-annonce\/","title":{"rendered":"Petite annonce\u00a0"},"content":{"rendered":"\n<p>Notre secr\u00e9taire paroissiale, Elisabeth, part en retraite \u00e0 la fin du mois apr\u00e8s plusieurs ann\u00e9es de bons et loyaux services.<\/p>\n\n\n\n<p>Nous cherchons <strong>une ou deux personnes qui accepteraient de prendre en charge le suivi de la comptabilit\u00e9 de la paroisse<\/strong>, en lien avec les services dioc\u00e9sains. Charge estim\u00e9e \u00e0 3h par semaine.<\/p>\n","protected":false},"excerpt":{"rendered":"<p>Notre secr\u00e9taire paroissiale, Elisabeth, part en retraite \u00e0 la fin du mois apr\u00e8s plusieurs ann\u00e9es de bons et loyaux services. Nous cherchons une ou deux personnes qui accepteraient de prendre en charge le suivi de la comptabilit\u00e9 de la paroisse, en lien avec les services dioc\u00e9sains. Charge estim\u00e9e \u00e0 3h par semaine.<\/p>\n","protected":false},"author":2,"featured_media":1342,"comment_status":"closed","ping_status":"","sticky":false,"template":"","format":"standard","meta":{"_eb_attr":"","iawp_total_views":25,"footnotes":""},"categories":[1],"tags":[],"class_list":["post-1309","post","type-post","status-publish","format-standard","has-post-thumbnail","hentry","category-non-classe","entry"],"_links":{"self":[{"href":"https:\/\/paroisse-auray-pluneret.fr\/index.php\/wp-json\/wp\/v2\/posts\/1309","targetHints":{"allow":["GET"]}}],"collection":[{"href":"https:\/\/paroisse-auray-pluneret.fr\/index.php\/wp-json\/wp\/v2\/posts"}],"about":[{"href":"https:\/\/paroisse-auray-pluneret.fr\/index.php\/wp-json\/wp\/v2\/types\/post"}],"author":[{"embeddable":true,"href":"https:\/\/paroisse-auray-pluneret.fr\/index.php\/wp-json\/wp\/v2\/users\/2"}],"replies":[{"embeddable":true,"href":"https:\/\/paroisse-auray-pluneret.fr\/index.php\/wp-json\/wp\/v2\/comments?post=1309"}],"version-history":[{"count":1,"href":"https:\/\/paroisse-auray-pluneret.fr\/index.php\/wp-json\/wp\/v2\/posts\/1309\/revisions"}],"predecessor-version":[{"id":1310,"href":"https:\/\/paroisse-auray-pluneret.fr\/index.php\/wp-json\/wp\/v2\/posts\/1309\/revisions\/1310"}],"wp:featuredmedia":[{"embeddable":true,"href":"https:\/\/paroisse-auray-pluneret.fr\/index.php\/wp-json\/wp\/v2\/media\/1342"}],"wp:attachment":[{"href":"https:\/\/paroisse-auray-pluneret.fr\/index.php\/wp-json\/wp\/v2\/media?parent=1309"}],"wp:term":[{"taxonomy":"category","embeddable":true,"href":"https:\/\/paroisse-auray-pluneret.fr\/index.php\/wp-json\/wp\/v2\/categories?post=1309"},{"taxonomy":"post_tag","embeddable":true,"href":"https:\/\/paroisse-auray-pluneret.fr\/index.php\/wp-json\/wp\/v2\/tags?post=1309"}],"curies":[{"name":"wp","href":"https:\/\/api.w.org\/{rel}","templated":true}]}}