{"id":1300,"date":"2025-04-25T08:00:05","date_gmt":"2025-04-25T06:00:05","guid":{"rendered":"https:\/\/paroisse-auray-pluneret.fr\/?p=1300"},"modified":"2025-05-04T15:18:05","modified_gmt":"2025-05-04T13:18:05","slug":"pardon-de-ste-avoye-et-benediction-des-couples","status":"publish","type":"post","link":"https:\/\/paroisse-auray-pluneret.fr\/index.php\/2025\/04\/25\/pardon-de-ste-avoye-et-benediction-des-couples\/","title":{"rendered":"Dimanche 4 mai : Pardon de Ste Avoye en Pluneret"},"content":{"rendered":"\n<p class=\"has-text-align-center has-background-background-color has-background\">B\u00e9n\u00e9diction des couples qui c\u00e9l\u00e8brent leur jubil\u00e9 de mariage<\/p>\n\n\n\n<p>10h30 Accueil \u00e0 la fontaine<br>10h45 Procession vers la chapelle<br>11h00 Messe et B\u00e9n\u00e9diction des couples<br>12h00 Verre de l\u2019amiti\u00e9\u2014P\u00e2tisseries<\/p>\n","protected":false},"excerpt":{"rendered":"<p>B\u00e9n\u00e9diction des couples qui c\u00e9l\u00e8brent leur jubil\u00e9 de mariage 10h30 Accueil \u00e0 la fontaine10h45 Procession vers la chapelle11h00 Messe et B\u00e9n\u00e9diction des couples12h00 Verre de l\u2019amiti\u00e9\u2014P\u00e2tisseries<\/p>\n","protected":false},"author":2,"featured_media":1301,"comment_status":"closed","ping_status":"","sticky":false,"template":"","format":"standard","meta":{"_eb_attr":"","iawp_total_views":11,"footnotes":""},"categories":[1],"tags":[],"class_list":["post-1300","post","type-post","status-publish","format-standard","has-post-thumbnail","hentry","category-non-classe","entry"],"_links":{"self":[{"href":"https:\/\/paroisse-auray-pluneret.fr\/index.php\/wp-json\/wp\/v2\/posts\/1300","targetHints":{"allow":["GET"]}}],"collection":[{"href":"https:\/\/paroisse-auray-pluneret.fr\/index.php\/wp-json\/wp\/v2\/posts"}],"about":[{"href":"https:\/\/paroisse-auray-pluneret.fr\/index.php\/wp-json\/wp\/v2\/types\/post"}],"author":[{"embeddable":true,"href":"https:\/\/paroisse-auray-pluneret.fr\/index.php\/wp-json\/wp\/v2\/users\/2"}],"replies":[{"embeddable":true,"href":"https:\/\/paroisse-auray-pluneret.fr\/index.php\/wp-json\/wp\/v2\/comments?post=1300"}],"version-history":[{"count":5,"href":"https:\/\/paroisse-auray-pluneret.fr\/index.php\/wp-json\/wp\/v2\/posts\/1300\/revisions"}],"predecessor-version":[{"id":1307,"href":"https:\/\/paroisse-auray-pluneret.fr\/index.php\/wp-json\/wp\/v2\/posts\/1300\/revisions\/1307"}],"wp:featuredmedia":[{"embeddable":true,"href":"https:\/\/paroisse-auray-pluneret.fr\/index.php\/wp-json\/wp\/v2\/media\/1301"}],"wp:attachment":[{"href":"https:\/\/paroisse-auray-pluneret.fr\/index.php\/wp-json\/wp\/v2\/media?parent=1300"}],"wp:term":[{"taxonomy":"category","embeddable":true,"href":"https:\/\/paroisse-auray-pluneret.fr\/index.php\/wp-json\/wp\/v2\/categories?post=1300"},{"taxonomy":"post_tag","embeddable":true,"href":"https:\/\/paroisse-auray-pluneret.fr\/index.php\/wp-json\/wp\/v2\/tags?post=1300"}],"curies":[{"name":"wp","href":"https:\/\/api.w.org\/{rel}","templated":true}]}}