{"id":1279,"date":"2025-04-21T11:17:00","date_gmt":"2025-04-21T09:17:00","guid":{"rendered":"https:\/\/paroisse-auray-pluneret.fr\/?p=1279"},"modified":"2025-05-08T16:02:08","modified_gmt":"2025-05-08T14:02:08","slug":"a-dieu-francois","status":"publish","type":"post","link":"https:\/\/paroisse-auray-pluneret.fr\/index.php\/2025\/04\/21\/a-dieu-francois\/","title":{"rendered":"\u00e0 Dieu Fran\u00e7ois !"},"content":{"rendered":"\n<p>Le pape Fran\u00e7ois est mort ce lundi 21 avril 2025 \u00e0 l\u2019\u00e2ge de 88\u00a0ans. Il avait \u00e9t\u00e9 hospitalis\u00e9 du 14 f\u00e9vrier au 23 mars \u00e0 la suite d\u2019une bronchite. Les prochains jours seront rythm\u00e9s par les diff\u00e9rents rites et \u00e9tapes suivant la mort d\u2019un pape, encadr\u00e9s par la constitution <em>Universi Dominici gregis.<\/em> <a href=\"https:\/\/www.la-croix.com\/religion\/mort-du-pape-francois-et-maintenant-que-va-t-il-se-passer-20250421\" target=\"_blank\" rel=\"noreferrer noopener\">Voir ici <\/a><\/p>\n\n\n\n<p class=\"has-text-align-center has-primary-background-color has-background\">Le pape des premi\u00e8res fois : \u00e9ditorial du Journal La Croix de ce jour 21 avril 2025<\/p>\n\n\n\n<p>Que retenir du pape Fran\u00e7ois\u202f? Le pontificat du 265<sup>e<\/sup> successeur de Pierre vient de s\u2019achever et un constat s\u2019impose d\u00e9j\u00e0\u202f: il laissera une trace profonde dans l\u2019histoire de l\u2019\u00c9glise catholique. Originaire d\u2019Am\u00e9rique latine, j\u00e9suite, Fran\u00e7ois aura \u00e9t\u00e9, \u00e0 bien des \u00e9gards, le pape des premi\u00e8res fois.<\/p>\n\n\n\n<p>Arriv\u00e9 de Buenos Aires, Jorge Mario Bergoglio aura mis au centre de l\u2019attention de l\u2019\u00c9glise des sujets jusque-l\u00e0 per\u00e7us comme secondaires. Auteur d\u2019une encyclique sur l\u2019environnement, il n\u2019aura aussi cess\u00e9 d\u2019appeler l\u2019attention sur les migrants et les plus pauvres, \u00e0 temps et \u00e0 contretemps, quitte \u00e0 agacer une partie des fid\u00e8les.<\/p>\n\n\n\n<p>Habit\u00e9 par la conviction qu\u2019il est plus facile de percevoir le centre depuis les p\u00e9riph\u00e9ries, le successeur de Beno\u00eet\u202fXVI aura aussi multipli\u00e9 les voyages dans des pays o\u00f9 la foi catholique est minoritaire, assumant les critiques de ceux qui l\u2019accusaient de d\u00e9laisser la Vieille Europe. De fait, il fut le premier pape \u00e0 prendre acte du grand basculement de l\u2019\u00c9glise catholique en dehors de l\u2019Occident, identifiant clairement l\u2019Asie, l\u2019Am\u00e9rique latine et l\u2019Afrique comme synonymes de son avenir.<\/p>\n\n\n\n<p>Il aura contribu\u00e9 \u00e0 bousculer l\u2019\u00c9glise de l\u2019int\u00e9rieur, s\u2019attaquant \u00e0 la r\u00e9forme, longtemps attendue, de la Curie romaine, mais aussi \u00e0 celle des finances du Vatican, et \u00e0 la prise de conscience de la crise des abus sexuels. Sur ce dernier point, s\u2019il a appel\u00e9 sans rel\u00e2che \u00e0 une tol\u00e9rance z\u00e9ro, Fran\u00e7ois aura aussi montr\u00e9 ses limites, sous-estimant longtemps certaines affaires. Le pape promoteur d\u2019une forme de d\u00e9centralisation aura aussi \u00e9t\u00e9, paradoxalement, celui qui aura exerc\u00e9 sa mission avec une autorit\u00e9 jug\u00e9e excessive par ses critiques.<\/p>\n\n\n\n<p>Dans quelques semaines, il reviendra d\u00e9sormais aux cardinaux, r\u00e9unis en conclave, de d\u00e9cider quelle suite ils veulent r\u00e9server \u00e0 l\u2019h\u00e9ritage de Fran\u00e7ois. Quel que soit leur choix, une chose est s\u00fbre\u202f: il ne pourra \u00eatre balay\u00e9 d\u2019un revers de la main.<\/p>\n\n\n\n<p class=\"has-text-align-right\">Loup Besmond de Senneville<\/p>\n","protected":false},"excerpt":{"rendered":"<p>Le pape Fran\u00e7ois est mort ce lundi 21 avril 2025 \u00e0 l\u2019\u00e2ge de 88\u00a0ans. Il avait \u00e9t\u00e9 hospitalis\u00e9 du 14 f\u00e9vrier au 23 mars \u00e0 la suite d\u2019une bronchite. Les prochains jours seront rythm\u00e9s par les diff\u00e9rents rites et \u00e9tapes suivant la mort d\u2019un pape, encadr\u00e9s par la constitution Universi Dominici gregis. Voir ici Le<a class=\"more-link\" href=\"https:\/\/paroisse-auray-pluneret.fr\/index.php\/2025\/04\/21\/a-dieu-francois\/\">Lire la suite <span class=\"screen-reader-text\">\u00ab\u00a0\u00e0 Dieu Fran\u00e7ois !\u00a0\u00bb<\/span><\/a><\/p>\n","protected":false},"author":2,"featured_media":0,"comment_status":"closed","ping_status":"","sticky":false,"template":"","format":"standard","meta":{"_eb_attr":"","iawp_total_views":12,"footnotes":""},"categories":[1],"tags":[],"class_list":["post-1279","post","type-post","status-publish","format-standard","hentry","category-non-classe","entry"],"_links":{"self":[{"href":"https:\/\/paroisse-auray-pluneret.fr\/index.php\/wp-json\/wp\/v2\/posts\/1279","targetHints":{"allow":["GET"]}}],"collection":[{"href":"https:\/\/paroisse-auray-pluneret.fr\/index.php\/wp-json\/wp\/v2\/posts"}],"about":[{"href":"https:\/\/paroisse-auray-pluneret.fr\/index.php\/wp-json\/wp\/v2\/types\/post"}],"author":[{"embeddable":true,"href":"https:\/\/paroisse-auray-pluneret.fr\/index.php\/wp-json\/wp\/v2\/users\/2"}],"replies":[{"embeddable":true,"href":"https:\/\/paroisse-auray-pluneret.fr\/index.php\/wp-json\/wp\/v2\/comments?post=1279"}],"version-history":[{"count":4,"href":"https:\/\/paroisse-auray-pluneret.fr\/index.php\/wp-json\/wp\/v2\/posts\/1279\/revisions"}],"predecessor-version":[{"id":1285,"href":"https:\/\/paroisse-auray-pluneret.fr\/index.php\/wp-json\/wp\/v2\/posts\/1279\/revisions\/1285"}],"wp:attachment":[{"href":"https:\/\/paroisse-auray-pluneret.fr\/index.php\/wp-json\/wp\/v2\/media?parent=1279"}],"wp:term":[{"taxonomy":"category","embeddable":true,"href":"https:\/\/paroisse-auray-pluneret.fr\/index.php\/wp-json\/wp\/v2\/categories?post=1279"},{"taxonomy":"post_tag","embeddable":true,"href":"https:\/\/paroisse-auray-pluneret.fr\/index.php\/wp-json\/wp\/v2\/tags?post=1279"}],"curies":[{"name":"wp","href":"https:\/\/api.w.org\/{rel}","templated":true}]}}