{"id":1255,"date":"2025-04-08T08:10:48","date_gmt":"2025-04-08T06:10:48","guid":{"rendered":"https:\/\/paroisse-auray-pluneret.fr\/?p=1255"},"modified":"2025-04-21T11:19:17","modified_gmt":"2025-04-21T09:19:17","slug":"prenez-chez-vous-marie-et-ste-anne-sa-mere","status":"publish","type":"post","link":"https:\/\/paroisse-auray-pluneret.fr\/index.php\/2025\/04\/08\/prenez-chez-vous-marie-et-ste-anne-sa-mere\/","title":{"rendered":"Prenez chez vous Marie et Ste Anne sa m\u00e8re"},"content":{"rendered":"\n<p>Notre petite statue p\u00e8lerine vous attend, au presbyt\u00e8re St Gildas ou le dimanche apr\u00e8s la messe :<\/p>\n\n\n\n<figure class=\"wp-block-image size-large\"><img loading=\"lazy\" decoding=\"async\" width=\"809\" height=\"1024\" src=\"https:\/\/paroisse-auray-pluneret.fr\/wp-content\/uploads\/2025\/04\/statue_ste-anne_texte-809x1024.jpg\" alt=\"\" class=\"wp-image-1257\" srcset=\"https:\/\/paroisse-auray-pluneret.fr\/wp-content\/uploads\/2025\/04\/statue_ste-anne_texte-809x1024.jpg 809w, https:\/\/paroisse-auray-pluneret.fr\/wp-content\/uploads\/2025\/04\/statue_ste-anne_texte-237x300.jpg 237w, https:\/\/paroisse-auray-pluneret.fr\/wp-content\/uploads\/2025\/04\/statue_ste-anne_texte-768x972.jpg 768w, https:\/\/paroisse-auray-pluneret.fr\/wp-content\/uploads\/2025\/04\/statue_ste-anne_texte.jpg 995w\" sizes=\"auto, (max-width: 809px) 100vw, 809px\" \/><\/figure>\n\n\n\n<p>Pour vous inscrire, un petit coup de fil au presbyt\u00e8re 02 97 24 04 64<\/p>\n","protected":false},"excerpt":{"rendered":"<p>Notre petite statue p\u00e8lerine vous attend, au presbyt\u00e8re St Gildas ou le dimanche apr\u00e8s la messe : Pour vous inscrire, un petit coup de fil au presbyt\u00e8re 02 97 24 04 64<\/p>\n","protected":false},"author":2,"featured_media":1256,"comment_status":"closed","ping_status":"","sticky":false,"template":"","format":"standard","meta":{"_eb_attr":"","iawp_total_views":12,"footnotes":""},"categories":[1],"tags":[],"class_list":["post-1255","post","type-post","status-publish","format-standard","has-post-thumbnail","hentry","category-non-classe","entry"],"_links":{"self":[{"href":"https:\/\/paroisse-auray-pluneret.fr\/index.php\/wp-json\/wp\/v2\/posts\/1255","targetHints":{"allow":["GET"]}}],"collection":[{"href":"https:\/\/paroisse-auray-pluneret.fr\/index.php\/wp-json\/wp\/v2\/posts"}],"about":[{"href":"https:\/\/paroisse-auray-pluneret.fr\/index.php\/wp-json\/wp\/v2\/types\/post"}],"author":[{"embeddable":true,"href":"https:\/\/paroisse-auray-pluneret.fr\/index.php\/wp-json\/wp\/v2\/users\/2"}],"replies":[{"embeddable":true,"href":"https:\/\/paroisse-auray-pluneret.fr\/index.php\/wp-json\/wp\/v2\/comments?post=1255"}],"version-history":[{"count":2,"href":"https:\/\/paroisse-auray-pluneret.fr\/index.php\/wp-json\/wp\/v2\/posts\/1255\/revisions"}],"predecessor-version":[{"id":1259,"href":"https:\/\/paroisse-auray-pluneret.fr\/index.php\/wp-json\/wp\/v2\/posts\/1255\/revisions\/1259"}],"wp:featuredmedia":[{"embeddable":true,"href":"https:\/\/paroisse-auray-pluneret.fr\/index.php\/wp-json\/wp\/v2\/media\/1256"}],"wp:attachment":[{"href":"https:\/\/paroisse-auray-pluneret.fr\/index.php\/wp-json\/wp\/v2\/media?parent=1255"}],"wp:term":[{"taxonomy":"category","embeddable":true,"href":"https:\/\/paroisse-auray-pluneret.fr\/index.php\/wp-json\/wp\/v2\/categories?post=1255"},{"taxonomy":"post_tag","embeddable":true,"href":"https:\/\/paroisse-auray-pluneret.fr\/index.php\/wp-json\/wp\/v2\/tags?post=1255"}],"curies":[{"name":"wp","href":"https:\/\/api.w.org\/{rel}","templated":true}]}}