{"id":1231,"date":"2025-03-30T20:59:12","date_gmt":"2025-03-30T18:59:12","guid":{"rendered":"https:\/\/paroisse-auray-pluneret.fr\/?p=1231"},"modified":"2025-04-08T08:13:24","modified_gmt":"2025-04-08T06:13:24","slug":"aider-une-ecole-a-mayotte","status":"publish","type":"post","link":"https:\/\/paroisse-auray-pluneret.fr\/index.php\/2025\/03\/30\/aider-une-ecole-a-mayotte\/","title":{"rendered":"Aider une \u00e9cole \u00e0 Mayotte"},"content":{"rendered":"\n<p class=\"has-text-align-right has-primary-background-color has-background\">un message du P\u00e8re Guillaume Porrot<\/p>\n\n\n\n<p><em>Comme vous le savez s\u00fbrement, en janvier dernier, le cyclone Chido a frapp\u00e9 l\u2019\u00eele avec une rare intensit\u00e9, causant de nombreux d\u00e9g\u00e2ts.<\/em><\/p>\n\n\n\n<p><em>En lien avec ma petite s\u0153ur, Caroline, enseignante dans une \u00e9cole maternelle, je vous propose de lui venir en aide. L\u2019\u00e9cole o\u00f9 elle enseigne, le Jardin Fleuri \u00e0 Mamoudzou, dans la capitale, n\u2019a pas \u00e9t\u00e9 \u00e9pargn\u00e9e : la charpente, le toit et plusieurs murs se sont effondr\u00e9s sous la force des vents et des pluies torrentielles. <\/em><\/p>\n\n\n<div class=\"wp-block-image\">\n<figure class=\"aligncenter size-large is-resized\"><img loading=\"lazy\" decoding=\"async\" width=\"768\" height=\"1024\" src=\"https:\/\/paroisse-auray-pluneret.fr\/wp-content\/uploads\/2025\/03\/image000000002-768x1024.jpg\" alt=\"\" class=\"wp-image-1232\" style=\"width:300px\" srcset=\"https:\/\/paroisse-auray-pluneret.fr\/wp-content\/uploads\/2025\/03\/image000000002-768x1024.jpg 768w, https:\/\/paroisse-auray-pluneret.fr\/wp-content\/uploads\/2025\/03\/image000000002-225x300.jpg 225w, https:\/\/paroisse-auray-pluneret.fr\/wp-content\/uploads\/2025\/03\/image000000002-1152x1536.jpg 1152w, https:\/\/paroisse-auray-pluneret.fr\/wp-content\/uploads\/2025\/03\/image000000002.jpg 1200w\" sizes=\"auto, (max-width: 768px) 100vw, 768px\" \/><\/figure>\n<\/div>\n\n\n<p><em>Depuis cette catastrophe, les \u00e9l\u00e8ves et leurs enseignants ont d\u00fb \u00eatre relog\u00e9s dans une autre \u00e9cole, dans des conditions loin d\u2019\u00eatre id\u00e9ales pour de jeunes enfants. Les salles de classe ne sont pas adapt\u00e9es aux besoins des tout-petits, le mobilier manque, et les espaces ext\u00e9rieurs ne sont pas s\u00e9curis\u00e9s pour eux.<\/em><\/p>\n\n\n<div class=\"wp-block-image\">\n<figure class=\"aligncenter size-large is-resized\"><img loading=\"lazy\" decoding=\"async\" width=\"768\" height=\"1024\" src=\"https:\/\/paroisse-auray-pluneret.fr\/wp-content\/uploads\/2025\/03\/image000000003-768x1024.jpg\" alt=\"\" class=\"wp-image-1234\" style=\"width:300px\" srcset=\"https:\/\/paroisse-auray-pluneret.fr\/wp-content\/uploads\/2025\/03\/image000000003-768x1024.jpg 768w, https:\/\/paroisse-auray-pluneret.fr\/wp-content\/uploads\/2025\/03\/image000000003-225x300.jpg 225w, https:\/\/paroisse-auray-pluneret.fr\/wp-content\/uploads\/2025\/03\/image000000003-1152x1536.jpg 1152w, https:\/\/paroisse-auray-pluneret.fr\/wp-content\/uploads\/2025\/03\/image000000003.jpg 1200w\" sizes=\"auto, (max-width: 768px) 100vw, 768px\" \/><\/figure>\n<\/div>\n\n\n<p><em>Aujourd\u2019hui, la mairie a lanc\u00e9 des travaux pour reconstruire l\u2019essentiel du b\u00e2timent, mais un autre probl\u00e8me se pose : la perte quasi totale du mat\u00e9riel p\u00e9dagogique et du mobilier. Livres, jeux \u00e9ducatifs, tables, chaises adapt\u00e9es aux tout-petits\u2026 tout ou presque a \u00e9t\u00e9 d\u00e9truit. Et malheureusement, ces \u00e9quipements ne seront pas remplac\u00e9s rapidement, faute de budget suffisant.<\/em><\/p>\n\n\n\n<p><em>C\u2019est pourquoi nous faisons appel \u00e0 votre soutien. L\u2019\u00e9cole Jardin Fleuri dispose d\u2019une association affili\u00e9e \u00e0 l\u2019<strong>Office Central de la Coop\u00e9ration \u00e0 l&rsquo;\u00c9cole (OCCE)<\/strong>. Il s\u2019agit d\u2019une association \u00e0 but non lucratif qui existe dans de nombreuses \u00e9coles en France et qui permet de financer des projets \u00e9ducatifs. Concr\u00e8tement, l\u2019OCCE de l\u2019\u00e9cole Jardin Fleuri pourra recevoir des dons et g\u00e9rer directement les achats n\u00e9cessaires \u00e0 la reconstruction. Cela garantit une utilisation transparente des fonds et permet de r\u00e9pondre aux besoins r\u00e9els des enfants et des enseignants, sans interm\u00e9diaire.<\/em><\/p>\n\n\n\n<p><em>Chaque contribution, m\u00eame modeste, permettra d\u2019offrir aux enfants un cadre d\u2019apprentissage plus serein et adapt\u00e9. Par exemple, un don de quelques dizaines d\u2019euros peut d\u00e9j\u00e0 permettre d\u2019acheter des jeux \u00e9ducatifs ou du mat\u00e9riel de base pour une classe.<\/em><\/p>\n\n\n\n<p class=\"has-secondary-color has-text-color has-link-color wp-elements-32a6fa557f01eefd435b65fe9d6ea2d6\">Si vous souhaitez aider, vous pouvez le faire par l\u2019interm\u00e9diaire de l\u2019OCCE de l\u2019\u00e9cole, qui assurera que chaque euro collect\u00e9 serve directement aux \u00e9l\u00e8ves : possibilit\u00e9 de glisser une enveloppe au presbyt\u00e8re ou \u00e0 la qu\u00eate dominicale, en indiquant ECOLE MAYOTTE.<br>Si ch\u00e8que, \u00e0 l\u2019ordre de OCCE, d\u00e9duction fiscale de 66%.<\/p>\n\n\n\n<p>Merci pour votre \u00e9coute et, je l\u2019esp\u00e8re, pour votre soutien pr\u00e9cieux !<\/p>\n\n\n\n<p>Bon dimanche de la JOIE,<br>P\u00e8re Guillaume PORROT<\/p>\n\n\n<div class=\"wp-block-image\">\n<figure class=\"aligncenter size-large is-resized\"><img loading=\"lazy\" decoding=\"async\" width=\"1024\" height=\"768\" src=\"https:\/\/paroisse-auray-pluneret.fr\/wp-content\/uploads\/2025\/03\/image000000001-1024x768.jpg\" alt=\"\" class=\"wp-image-1233\" style=\"width:500px\" srcset=\"https:\/\/paroisse-auray-pluneret.fr\/wp-content\/uploads\/2025\/03\/image000000001-1024x768.jpg 1024w, https:\/\/paroisse-auray-pluneret.fr\/wp-content\/uploads\/2025\/03\/image000000001-300x225.jpg 300w, https:\/\/paroisse-auray-pluneret.fr\/wp-content\/uploads\/2025\/03\/image000000001-768x576.jpg 768w, https:\/\/paroisse-auray-pluneret.fr\/wp-content\/uploads\/2025\/03\/image000000001.jpg 1280w\" sizes=\"auto, (max-width: 1024px) 100vw, 1024px\" \/><\/figure>\n<\/div>","protected":false},"excerpt":{"rendered":"<p>un message du P\u00e8re Guillaume Porrot Comme vous le savez s\u00fbrement, en janvier dernier, le cyclone Chido a frapp\u00e9 l\u2019\u00eele avec une rare intensit\u00e9, causant de nombreux d\u00e9g\u00e2ts. En lien avec ma petite s\u0153ur, Caroline, enseignante dans une \u00e9cole maternelle, je vous propose de lui venir en aide. L\u2019\u00e9cole o\u00f9 elle enseigne, le Jardin Fleuri<a class=\"more-link\" href=\"https:\/\/paroisse-auray-pluneret.fr\/index.php\/2025\/03\/30\/aider-une-ecole-a-mayotte\/\">Lire la suite <span class=\"screen-reader-text\">\u00ab\u00a0Aider une \u00e9cole \u00e0 Mayotte\u00a0\u00bb<\/span><\/a><\/p>\n","protected":false},"author":2,"featured_media":1235,"comment_status":"closed","ping_status":"","sticky":false,"template":"","format":"standard","meta":{"_eb_attr":"","iawp_total_views":23,"footnotes":""},"categories":[6],"tags":[],"class_list":["post-1231","post","type-post","status-publish","format-standard","has-post-thumbnail","hentry","category-actu","entry"],"_links":{"self":[{"href":"https:\/\/paroisse-auray-pluneret.fr\/index.php\/wp-json\/wp\/v2\/posts\/1231","targetHints":{"allow":["GET"]}}],"collection":[{"href":"https:\/\/paroisse-auray-pluneret.fr\/index.php\/wp-json\/wp\/v2\/posts"}],"about":[{"href":"https:\/\/paroisse-auray-pluneret.fr\/index.php\/wp-json\/wp\/v2\/types\/post"}],"author":[{"embeddable":true,"href":"https:\/\/paroisse-auray-pluneret.fr\/index.php\/wp-json\/wp\/v2\/users\/2"}],"replies":[{"embeddable":true,"href":"https:\/\/paroisse-auray-pluneret.fr\/index.php\/wp-json\/wp\/v2\/comments?post=1231"}],"version-history":[{"count":9,"href":"https:\/\/paroisse-auray-pluneret.fr\/index.php\/wp-json\/wp\/v2\/posts\/1231\/revisions"}],"predecessor-version":[{"id":1261,"href":"https:\/\/paroisse-auray-pluneret.fr\/index.php\/wp-json\/wp\/v2\/posts\/1231\/revisions\/1261"}],"wp:featuredmedia":[{"embeddable":true,"href":"https:\/\/paroisse-auray-pluneret.fr\/index.php\/wp-json\/wp\/v2\/media\/1235"}],"wp:attachment":[{"href":"https:\/\/paroisse-auray-pluneret.fr\/index.php\/wp-json\/wp\/v2\/media?parent=1231"}],"wp:term":[{"taxonomy":"category","embeddable":true,"href":"https:\/\/paroisse-auray-pluneret.fr\/index.php\/wp-json\/wp\/v2\/categories?post=1231"},{"taxonomy":"post_tag","embeddable":true,"href":"https:\/\/paroisse-auray-pluneret.fr\/index.php\/wp-json\/wp\/v2\/tags?post=1231"}],"curies":[{"name":"wp","href":"https:\/\/api.w.org\/{rel}","templated":true}]}}