{"id":1212,"date":"2025-03-06T20:00:02","date_gmt":"2025-03-06T19:00:02","guid":{"rendered":"https:\/\/paroisse-auray-pluneret.fr\/?p=1212"},"modified":"2025-03-23T18:53:09","modified_gmt":"2025-03-23T17:53:09","slug":"pelerinage-des-diacres-a-rome-du-17-au-23-fevrier-dans-le-cadre-du-jubile","status":"publish","type":"post","link":"https:\/\/paroisse-auray-pluneret.fr\/index.php\/2025\/03\/06\/pelerinage-des-diacres-a-rome-du-17-au-23-fevrier-dans-le-cadre-du-jubile\/","title":{"rendered":"P\u00e8lerinage des diacres \u00e0 Rome du 17 au 23 f\u00e9vrier, dans le cadre du Jubil\u00e9"},"content":{"rendered":"\n<p class=\"has-text-align-right has-primary-background-color has-background\">par Patrick Le Galliot<\/p>\n\n\n\n<p>Nous \u00e9tions une trentaine de diacres et \u00e9pouses du Morbihan \u00e0 partir, d&rsquo;abord \u00e0 Assise puis \u00e0 Rome, accompagn\u00e9s par notre \u00e9v\u00eaque pour le jubil\u00e9 des diacres.<\/p>\n\n\n\n<p>Sur le chemin d&rsquo;Assise, nous nous sommes mis dans les pas de Saint Fran\u00e7ois, avec sa soif d&rsquo;Absolu et son \u00e9merveillement devant la cr\u00e9ation. Ces jours ont \u00e9t\u00e9&nbsp; marqu\u00e9s par une grande fraternit\u00e9, la joie de vivre ensemble et les c\u00e9l\u00e9brations dans les lieux o\u00f9 Saint Fran\u00e7ois a laiss\u00e9 son empreinte spirituelle.<\/p>\n\n\n\n<p>Ensuite, nous avons rejoint Rome et des diacres venus du monde entier. Nous avons entendu Monseigneur Aveline nous rappeler l&rsquo;aventure du diaconat ; le diacre parfois grain de sable, parfois grain de sel mais toujours pr\u00e9sence d&rsquo;Eglise dans des lieux o\u00f9 on ne l&rsquo;attend pas. Nous avons franchi la porte sainte de la basilique Saint Pierre, portant les intentions des communaut\u00e9s dont nous sommes issus. Le dimanche, nous \u00e9tions 6000 diacres \u00e0 entourer les 23 diacres (dont un fran\u00e7ais) ordonn\u00e9s ce jour l\u00e0. Le moment de jubiler et rendre gr\u00e2ce en union de pens\u00e9e et de pri\u00e8res avec Fran\u00e7ois contraint de rester dans sa chambre d&rsquo;h\u00f4pital.<\/p>\n\n\n\n<p>Patrick Le Galliot<\/p>\n","protected":false},"excerpt":{"rendered":"<p>par Patrick Le Galliot Nous \u00e9tions une trentaine de diacres et \u00e9pouses du Morbihan \u00e0 partir, d&rsquo;abord \u00e0 Assise puis \u00e0 Rome, accompagn\u00e9s par notre \u00e9v\u00eaque pour le jubil\u00e9 des diacres. Sur le chemin d&rsquo;Assise, nous nous sommes mis dans les pas de Saint Fran\u00e7ois, avec sa soif d&rsquo;Absolu et son \u00e9merveillement devant la cr\u00e9ation.<a class=\"more-link\" href=\"https:\/\/paroisse-auray-pluneret.fr\/index.php\/2025\/03\/06\/pelerinage-des-diacres-a-rome-du-17-au-23-fevrier-dans-le-cadre-du-jubile\/\">Lire la suite <span class=\"screen-reader-text\">\u00ab\u00a0P\u00e8lerinage des diacres \u00e0 Rome du 17 au 23 f\u00e9vrier, dans le cadre du Jubil\u00e9\u00a0\u00bb<\/span><\/a><\/p>\n","protected":false},"author":2,"featured_media":1213,"comment_status":"closed","ping_status":"closed","sticky":false,"template":"","format":"standard","meta":{"_eb_attr":"","iawp_total_views":7,"footnotes":""},"categories":[6],"tags":[],"class_list":["post-1212","post","type-post","status-publish","format-standard","has-post-thumbnail","hentry","category-actu","entry"],"_links":{"self":[{"href":"https:\/\/paroisse-auray-pluneret.fr\/index.php\/wp-json\/wp\/v2\/posts\/1212","targetHints":{"allow":["GET"]}}],"collection":[{"href":"https:\/\/paroisse-auray-pluneret.fr\/index.php\/wp-json\/wp\/v2\/posts"}],"about":[{"href":"https:\/\/paroisse-auray-pluneret.fr\/index.php\/wp-json\/wp\/v2\/types\/post"}],"author":[{"embeddable":true,"href":"https:\/\/paroisse-auray-pluneret.fr\/index.php\/wp-json\/wp\/v2\/users\/2"}],"replies":[{"embeddable":true,"href":"https:\/\/paroisse-auray-pluneret.fr\/index.php\/wp-json\/wp\/v2\/comments?post=1212"}],"version-history":[{"count":1,"href":"https:\/\/paroisse-auray-pluneret.fr\/index.php\/wp-json\/wp\/v2\/posts\/1212\/revisions"}],"predecessor-version":[{"id":1214,"href":"https:\/\/paroisse-auray-pluneret.fr\/index.php\/wp-json\/wp\/v2\/posts\/1212\/revisions\/1214"}],"wp:featuredmedia":[{"embeddable":true,"href":"https:\/\/paroisse-auray-pluneret.fr\/index.php\/wp-json\/wp\/v2\/media\/1213"}],"wp:attachment":[{"href":"https:\/\/paroisse-auray-pluneret.fr\/index.php\/wp-json\/wp\/v2\/media?parent=1212"}],"wp:term":[{"taxonomy":"category","embeddable":true,"href":"https:\/\/paroisse-auray-pluneret.fr\/index.php\/wp-json\/wp\/v2\/categories?post=1212"},{"taxonomy":"post_tag","embeddable":true,"href":"https:\/\/paroisse-auray-pluneret.fr\/index.php\/wp-json\/wp\/v2\/tags?post=1212"}],"curies":[{"name":"wp","href":"https:\/\/api.w.org\/{rel}","templated":true}]}}