{"id":1078,"date":"2025-02-20T16:48:28","date_gmt":"2025-02-20T15:48:28","guid":{"rendered":"https:\/\/paroisse-auray-pluneret.fr\/?p=1078"},"modified":"2025-03-16T21:04:28","modified_gmt":"2025-03-16T20:04:28","slug":"vendredi-14-mars","status":"publish","type":"post","link":"https:\/\/paroisse-auray-pluneret.fr\/index.php\/2025\/02\/20\/vendredi-14-mars\/","title":{"rendered":"Vendredi 14 mars : les \u0153uvres de mis\u00e9ricorde et la figure du P. Gabriel DESHAYES"},"content":{"rendered":"\n<p>Dans le cadre du jubil\u00e9 de Ste Anne d\u2019Auray : <\/p>\n\n\n\n<p>partage autour des \u0153uvres de mis\u00e9ricorde et de la figure du P. Gabriel DESHAYES \u00e0 partir du livret de car\u00eame 2025, <\/p>\n\n\n\n<p><strong>anim\u00e9 par le P. Francis LOISEL<\/strong> salle St Bieuzy \u2013 9 rue Bourdeloy <strong>\u00e0 20h00<\/strong><\/p>\n","protected":false},"excerpt":{"rendered":"<p>Dans le cadre du jubil\u00e9 de Ste Anne d\u2019Auray : partage autour des \u0153uvres de mis\u00e9ricorde et de la figure du P. Gabriel DESHAYES \u00e0 partir du livret de car\u00eame 2025, anim\u00e9 par le P. Francis LOISEL salle St Bieuzy \u2013 9 rue Bourdeloy \u00e0 20h00<\/p>\n","protected":false},"author":2,"featured_media":1079,"comment_status":"closed","ping_status":"closed","sticky":false,"template":"","format":"standard","meta":{"_eb_attr":"","iawp_total_views":4,"footnotes":""},"categories":[1],"tags":[],"class_list":["post-1078","post","type-post","status-publish","format-standard","has-post-thumbnail","hentry","category-non-classe","entry"],"_links":{"self":[{"href":"https:\/\/paroisse-auray-pluneret.fr\/index.php\/wp-json\/wp\/v2\/posts\/1078","targetHints":{"allow":["GET"]}}],"collection":[{"href":"https:\/\/paroisse-auray-pluneret.fr\/index.php\/wp-json\/wp\/v2\/posts"}],"about":[{"href":"https:\/\/paroisse-auray-pluneret.fr\/index.php\/wp-json\/wp\/v2\/types\/post"}],"author":[{"embeddable":true,"href":"https:\/\/paroisse-auray-pluneret.fr\/index.php\/wp-json\/wp\/v2\/users\/2"}],"replies":[{"embeddable":true,"href":"https:\/\/paroisse-auray-pluneret.fr\/index.php\/wp-json\/wp\/v2\/comments?post=1078"}],"version-history":[{"count":2,"href":"https:\/\/paroisse-auray-pluneret.fr\/index.php\/wp-json\/wp\/v2\/posts\/1078\/revisions"}],"predecessor-version":[{"id":1083,"href":"https:\/\/paroisse-auray-pluneret.fr\/index.php\/wp-json\/wp\/v2\/posts\/1078\/revisions\/1083"}],"wp:featuredmedia":[{"embeddable":true,"href":"https:\/\/paroisse-auray-pluneret.fr\/index.php\/wp-json\/wp\/v2\/media\/1079"}],"wp:attachment":[{"href":"https:\/\/paroisse-auray-pluneret.fr\/index.php\/wp-json\/wp\/v2\/media?parent=1078"}],"wp:term":[{"taxonomy":"category","embeddable":true,"href":"https:\/\/paroisse-auray-pluneret.fr\/index.php\/wp-json\/wp\/v2\/categories?post=1078"},{"taxonomy":"post_tag","embeddable":true,"href":"https:\/\/paroisse-auray-pluneret.fr\/index.php\/wp-json\/wp\/v2\/tags?post=1078"}],"curies":[{"name":"wp","href":"https:\/\/api.w.org\/{rel}","templated":true}]}}