{"id":1075,"date":"2025-03-06T20:45:44","date_gmt":"2025-03-06T19:45:44","guid":{"rendered":"https:\/\/paroisse-auray-pluneret.fr\/?p=1075"},"modified":"2025-03-08T07:58:15","modified_gmt":"2025-03-08T06:58:15","slug":"vendredi-7-mars-400-ans-de-la-decouverte-de-la-statue-de-ste-anne","status":"publish","type":"post","link":"https:\/\/paroisse-auray-pluneret.fr\/index.php\/2025\/03\/06\/vendredi-7-mars-400-ans-de-la-decouverte-de-la-statue-de-ste-anne\/","title":{"rendered":"Le 7 mars, le dioc\u00e8se f\u00eatait les 400 ans de la d\u00e9couverte de la statue de Ste Anne"},"content":{"rendered":"\n<figure class=\"wp-block-gallery has-nested-images columns-default is-cropped wp-block-gallery-1 is-layout-flex wp-block-gallery-is-layout-flex\">\n<figure class=\"wp-block-image size-large\"><img loading=\"lazy\" decoding=\"async\" width=\"750\" height=\"1000\" data-id=\"1169\" src=\"https:\/\/paroisse-auray-pluneret.fr\/wp-content\/uploads\/2025\/02\/400ans_ste_AnneA.jpg\" alt=\"\" class=\"wp-image-1169\" srcset=\"https:\/\/paroisse-auray-pluneret.fr\/wp-content\/uploads\/2025\/02\/400ans_ste_AnneA.jpg 750w, https:\/\/paroisse-auray-pluneret.fr\/wp-content\/uploads\/2025\/02\/400ans_ste_AnneA-225x300.jpg 225w\" sizes=\"auto, (max-width: 750px) 100vw, 750px\" \/><figcaption class=\"wp-element-caption\">400 ans de la d\u00e9couverte de la statue de Ste Anne<\/figcaption><\/figure>\n\n\n\n<figure class=\"wp-block-image size-large\"><img loading=\"lazy\" decoding=\"async\" width=\"750\" height=\"1000\" data-id=\"1170\" src=\"https:\/\/paroisse-auray-pluneret.fr\/wp-content\/uploads\/2025\/02\/400ans_ste_AnneB.jpg\" alt=\"\" class=\"wp-image-1170\" srcset=\"https:\/\/paroisse-auray-pluneret.fr\/wp-content\/uploads\/2025\/02\/400ans_ste_AnneB.jpg 750w, https:\/\/paroisse-auray-pluneret.fr\/wp-content\/uploads\/2025\/02\/400ans_ste_AnneB-225x300.jpg 225w\" sizes=\"auto, (max-width: 750px) 100vw, 750px\" \/><figcaption class=\"wp-element-caption\">400 ans de la d\u00e9couverte de la statue de Ste Anne<\/figcaption><\/figure>\n\n\n\n<figure class=\"wp-block-image size-large\"><img loading=\"lazy\" decoding=\"async\" width=\"1000\" height=\"750\" data-id=\"1175\" src=\"https:\/\/paroisse-auray-pluneret.fr\/wp-content\/uploads\/2025\/02\/400ans_ste_AnneC.jpg\" alt=\"\" class=\"wp-image-1175\" srcset=\"https:\/\/paroisse-auray-pluneret.fr\/wp-content\/uploads\/2025\/02\/400ans_ste_AnneC.jpg 1000w, https:\/\/paroisse-auray-pluneret.fr\/wp-content\/uploads\/2025\/02\/400ans_ste_AnneC-300x225.jpg 300w, https:\/\/paroisse-auray-pluneret.fr\/wp-content\/uploads\/2025\/02\/400ans_ste_AnneC-768x576.jpg 768w\" sizes=\"auto, (max-width: 1000px) 100vw, 1000px\" \/><figcaption class=\"wp-element-caption\">400 ans de la d\u00e9couverte de la statue de Ste Anne<\/figcaption><\/figure>\n\n\n\n<figure class=\"wp-block-image size-large\"><img loading=\"lazy\" decoding=\"async\" width=\"1000\" height=\"750\" data-id=\"1174\" src=\"https:\/\/paroisse-auray-pluneret.fr\/wp-content\/uploads\/2025\/02\/400ans_ste_AnneD.jpg\" alt=\"\" class=\"wp-image-1174\" srcset=\"https:\/\/paroisse-auray-pluneret.fr\/wp-content\/uploads\/2025\/02\/400ans_ste_AnneD.jpg 1000w, https:\/\/paroisse-auray-pluneret.fr\/wp-content\/uploads\/2025\/02\/400ans_ste_AnneD-300x225.jpg 300w, https:\/\/paroisse-auray-pluneret.fr\/wp-content\/uploads\/2025\/02\/400ans_ste_AnneD-768x576.jpg 768w\" sizes=\"auto, (max-width: 1000px) 100vw, 1000px\" \/><figcaption class=\"wp-element-caption\">400 ans de la d\u00e9couverte de la statue de Ste Anne<\/figcaption><\/figure>\n\n\n\n<figure class=\"wp-block-image size-large\"><img loading=\"lazy\" decoding=\"async\" width=\"750\" height=\"1000\" data-id=\"1171\" src=\"https:\/\/paroisse-auray-pluneret.fr\/wp-content\/uploads\/2025\/02\/400ans_ste_AnneF.jpg\" alt=\"\" class=\"wp-image-1171\" srcset=\"https:\/\/paroisse-auray-pluneret.fr\/wp-content\/uploads\/2025\/02\/400ans_ste_AnneF.jpg 750w, https:\/\/paroisse-auray-pluneret.fr\/wp-content\/uploads\/2025\/02\/400ans_ste_AnneF-225x300.jpg 225w\" sizes=\"auto, (max-width: 750px) 100vw, 750px\" \/><figcaption class=\"wp-element-caption\">400 ans de la d\u00e9couverte de la statue de Ste Anne<\/figcaption><\/figure>\n\n\n\n<figure class=\"wp-block-image size-large\"><img loading=\"lazy\" decoding=\"async\" width=\"750\" height=\"1000\" data-id=\"1172\" src=\"https:\/\/paroisse-auray-pluneret.fr\/wp-content\/uploads\/2025\/02\/400ans_ste_AnneG.jpg\" alt=\"\" class=\"wp-image-1172\" srcset=\"https:\/\/paroisse-auray-pluneret.fr\/wp-content\/uploads\/2025\/02\/400ans_ste_AnneG.jpg 750w, https:\/\/paroisse-auray-pluneret.fr\/wp-content\/uploads\/2025\/02\/400ans_ste_AnneG-225x300.jpg 225w\" sizes=\"auto, (max-width: 750px) 100vw, 750px\" \/><figcaption class=\"wp-element-caption\">400 ans de la d\u00e9couverte de la statue de Ste Anne<\/figcaption><\/figure>\n\n\n\n<figure class=\"wp-block-image size-large\"><img loading=\"lazy\" decoding=\"async\" width=\"750\" height=\"1000\" data-id=\"1173\" src=\"https:\/\/paroisse-auray-pluneret.fr\/wp-content\/uploads\/2025\/02\/400ans_ste_AnneH.jpg\" alt=\"\" class=\"wp-image-1173\" srcset=\"https:\/\/paroisse-auray-pluneret.fr\/wp-content\/uploads\/2025\/02\/400ans_ste_AnneH.jpg 750w, https:\/\/paroisse-auray-pluneret.fr\/wp-content\/uploads\/2025\/02\/400ans_ste_AnneH-225x300.jpg 225w\" sizes=\"auto, (max-width: 750px) 100vw, 750px\" \/><figcaption class=\"wp-element-caption\">400 ans de la d\u00e9couverte de la statue de Ste Anne<\/figcaption><\/figure>\n<\/figure>\n\n\n\n<hr class=\"wp-block-separator alignwide has-text-color has-secondary-color has-alpha-channel-opacity has-secondary-background-color has-background is-style-wide\"\/>\n\n\n\n<h3 class=\"wp-block-heading has-text-align-center has-primary-background-color has-background\">Quatre cent\u202fans de ferveur populaire \u00e0 Sainte-Anne-d\u2019Auray<\/h3>\n\n\n\n<p class=\"has-text-align-right has-primary-color has-text-color has-link-color wp-elements-a436aa2d0c185ca57509a637739799f2\">Un article du Journal La Croix, paru le 7\/3\/2025 :<\/p>\n\n\n\n<p>Depuis la d\u00e9couverte miraculeuse d\u2019une statue par le laboureur Yvon Nicolazic le 7\u202fmars 1625, le sanctuaire de Sainte-Anne-\u200bd\u2019Auray ne cesse d\u2019attirer les visiteurs. Entre 300\u202f000 et 400\u202f000 personnes s\u2019y rendent chaque ann\u00e9e, un chiffre en l\u00e9g\u00e8re augmentation ces \u00adderni\u00e8res ann\u00e9es. \u00ab\u202fLe p\u00e8lerinage de Sainte-Anne-d\u2019Auray fait partie de l\u2019ADN de la culture bretonne\u202f\u00bb, estime Bruno Belliot, secr\u00e9taire \u00adg\u00e9n\u00e9ral du sanctuaire, qui c\u00e9l\u00e8bre depuis 2022 et jusqu\u2019au 26\u202fjuillet \u2013 f\u00eate de la Sainte-Anne \u2013 son jubil\u00e9. Pour le p\u00e8re Gwena\u00ebl Maurey, recteur depuis sept ans, \u00ab\u202fc\u2019est la capitale spirituelle de la Bretagne\u202f\u00bb.<\/p>\n\n\n\n<p>\u00c0 la sortie de la basilique, pavois\u00e9e de la couleur bleue du jubil\u00e9, la famille Morvan, venue de Sarzeau avec deux enfants, a fait le p\u00e8lerinage \u00ab\u202fparce que c\u2019est un lieu charg\u00e9 d\u2019histoire et de spiritualit\u00e9\u202f\u00bb\u202f: \u00ab\u202fM\u00eame si nous ne sommes pas particuli\u00e8rement pratiquants, nous ressentons quelque chose de sp\u00e9cial ici. C\u2019est aussi une fa\u00e7on de transmettre \u00e0 nos enfants notre patrimoine culturel breton.\u202f\u00bb<\/p>\n\n\n\n<p>Si les Morbihannais constituent le premier contingent de visiteurs, le sanctuaire attire des p\u00e8lerins de toute la Bretagne historique, sans oublier les touristes \u00e9trangers. \u00ab\u202fMa m\u00e8re venait ici enfant, je m\u2019y suis rendue aussi, et maintenant c\u2019est au tour de ma petite-fille, dit Th\u00e9r\u00e8se, qui a fait le p\u00e8lerinage depuis Nantes avec son mari Jean-Pierre. Sainte-Anne-d\u2019Auray reste un lieu vivant car il raconte notre histoire collective.\u202f\u00bb \u00ab\u202fMa petite-fille, qui n\u2019est pas \u00e9lev\u00e9e dans la religion, a \u00e9t\u00e9 impressionn\u00e9e par la ferveur des visiteurs et par la beaut\u00e9 artistique des lieux\u202f\u00bb, confie-t-elle encore.<\/p>\n\n\n\n<p>Durant l\u2019\u00e9t\u00e9, la fr\u00e9quentation explose, port\u00e9e par les flux touristiques. Mais tout au long de l\u2019ann\u00e9e, des p\u00e8lerinages sp\u00e9cifiques maintiennent une activit\u00e9 constante\u202f: motards, monde rural, personnel de sant\u00e9, paroisses\u2026 Le p\u00e8re \u200bMaurey observe une dimension de \u00ab\u202freligion populaire\u202f\u00bb importante, qui va bien au-del\u00e0 des pratiquants r\u00e9guliers dans ce sanctuaire, dont l\u2019histoire est marqu\u00e9e par la dimension familiale \u2013 sainte Anne est traditionnellement connue comme la grand-m\u00e8re de J\u00e9sus.<\/p>\n\n\n\n<p>Nombreux sont les couples en \u00adattente d\u2019enfant qui viennent en ce lieu prier la sainte, qui aurait elle-m\u00eame attendu vingt ans avant \u00add\u2019avoir un enfant avec son mari Joachim. Yvon Nicolazic et sa femme, eux aussi, souffraient de ne pas avoir d\u2019enfant au moment des apparitions et en eurent quatre par la suite. Cet aspect particulier du sanctuaire de Sainte-Anne-d\u2019Auray s\u2019exprime par les nombreux ex-voto et les dons de chaussettes de b\u00e9b\u00e9s expos\u00e9es \u2013 t\u00e9moins des pri\u00e8res exauc\u00e9es \u2013 dans la galerie-mus\u00e9e.<\/p>\n\n\n\n<p>Pour distinguer les diff\u00e9rents publics, le recteur a forg\u00e9 sa propre formule\u202f: \u00ab\u202fLes touristes deviennent des visiteurs, et les visiteurs deviennent des p\u00e8lerins.\u202f\u00bb Cette capacit\u00e9 \u00e0 toucher un public large fait la force du sanctuaire. De nombreux \u00e9v\u00e9nements jalonnent ce jubil\u00e9, avec la b\u00e9n\u00e9diction, ce 7\u202fmars, d\u2019une r\u00e9plique de la statue de d\u00e9votion et d\u2019une nouvelle banni\u00e8re brod\u00e9e. La statue partira ensuite en \u00ab\u202ftrom\u00e9nie\u202f\u00bb dans tout le dioc\u00e8se. \u00ab\u202fDans la culture bretonne, recevoir sainte Anne dans sa paroisse, au fin fond du Morbihan, mobilise \u00e9norm\u00e9ment\u202f\u00bb, souligne le p\u00e8re Maurey.<\/p>\n\n\n\n<p>Un oratorio, command\u00e9 par \u200bl\u2019Acad\u00e9mie de musique et d\u2019arts sacr\u00e9s de Sainte-Anne-d\u2019Auray, sera jou\u00e9 le 6\u202fjuin \u00e0 l\u2019Op\u00e9ra de Rennes et le 7\u202f\u00e0 la basilique du sanctuaire. \u00ab\u202fLa musique est d\u2019\u00c9ric Tanguy et le livret de Philippe Le Guillou, deux artistes de renom. La cr\u00e9ation s\u2019est faite en \u00e9troite collaboration avec l\u2019Orchestre de Bretagne et l\u2019Op\u00e9ra de Rennes, et a vocation \u00e0 s\u2019inscrire dans le r\u00e9pertoire historique du lieu\u202f\u00bb, esp\u00e8re Bruno Belliot, \u00e9galement directeur de l\u2019Acad\u00e9mie de musique et d\u2019arts sacr\u00e9s.<\/p>\n\n\n\n<p>Au-del\u00e0 du jubil\u00e9, le sanctuaire pr\u00e9pare \u00ab\u202fSainte-Anne 2030\u202f\u00bb. \u00ab\u202fIl ne s\u2019agit pas seulement de restaurer les b\u00e2timents, mais de mettre \u00e0 niveau le sanctuaire pour qu\u2019il accueille mieux les p\u00e8lerins\u202f\u00bb, pr\u00e9cise le p\u00e8re Maurey. Ce projet s\u2019inscrit dans une vision d\u2019ensemble int\u00e9grant les diff\u00e9rentes dimensions \u00ad du site\u202f: le p\u00e8lerinage, mais aussi le coll\u00e8ge, l\u2019\u00e9cole primaire, le m\u00e9morial militaire, l\u2019Acad\u00e9mie de musique et d\u2019arts sacr\u00e9s. \u00ab\u202fUne \u00e9tude compl\u00e8te a \u00e9t\u00e9 confi\u00e9e \u00e0 quatre cabinets, dont celui de Pierre-Antoine \u200bGatier, architecte en chef des monuments historiques et notamment de l\u2019\u00e9glise de la Sainte-Trinit\u00e9-des-Monts de Rome, souligne Bruno Belliot. Nous sommes en train \u200bd\u2019\u00e9crire une sorte de livre blanc pour le Sainte-Anne de demain.\u202f\u00bb<\/p>\n\n\n\n<p>Rapha\u00ebl Baldos<\/p>\n\n\n\n<h3 class=\"wp-block-heading has-text-align-center has-primary-background-color has-background\">Une statue en cal\u00e8che sur les terres morbihanaises<\/h3>\n\n\n<div class=\"wp-block-image\">\n<figure class=\"aligncenter size-thumbnail\"><img loading=\"lazy\" decoding=\"async\" width=\"150\" height=\"150\" src=\"https:\/\/paroisse-auray-pluneret.fr\/wp-content\/uploads\/2025\/02\/tromenie_caleche-150x150.png\" alt=\"\" class=\"wp-image-1144\"\/><\/figure>\n<\/div>\n\n\n<p>Dans le cadre du jubil\u00e9 des apparitions de sainte Anne \u00e0 Nicolazic, une cal\u00e8che tir\u00e9e par un cheval de trait breton, portant une grande statue de la m\u00e8re de la Vierge Marie, va faire le tour du dioc\u00e8se de Vannes, de ce vendredi 7\u202fmars au 26\u202fjuillet prochain.\u202fElle traversera les terres morbihannaises au rythme des pri\u00e8res et des chants, des bombardes et des cornemuses, avec comme point d\u2019orgue le rendez-vous du Grand Pardon de Sainte-Anne-d\u2019Auray. Environ 400 b\u00e9n\u00e9voles, dans les 115 paroisses \u00e9tapes sur les 144 que compte le Morbihan, sont impliqu\u00e9s dans l\u2019\u00e9v\u00e9nement. Avec pour double ambition le r\u00e9veil des paroisses et l\u2019\u00e9vang\u00e9lisation.<\/p>\n\n\n\n<hr class=\"wp-block-separator has-text-color has-secondary-color has-alpha-channel-opacity has-secondary-background-color has-background is-style-wide\"\/>\n\n\n<div class=\"wp-block-image\">\n<figure class=\"aligncenter size-full\"><img loading=\"lazy\" decoding=\"async\" width=\"365\" height=\"403\" src=\"http:\/\/paroisse-auray-pluneret.fr\/wp-content\/uploads\/2025\/02\/400ans_statue.png\" alt=\"\" class=\"wp-image-1076\" srcset=\"https:\/\/paroisse-auray-pluneret.fr\/wp-content\/uploads\/2025\/02\/400ans_statue.png 365w, https:\/\/paroisse-auray-pluneret.fr\/wp-content\/uploads\/2025\/02\/400ans_statue-272x300.png 272w\" sizes=\"auto, (max-width: 365px) 100vw, 365px\" \/><figcaption class=\"wp-element-caption\">affiche des 400 ans de la d\u00e9couverte de la statue de Ste Anne<\/figcaption><\/figure>\n<\/div>\n\n\n<p><\/p>\n\n\n\n<p><\/p>\n","protected":false},"excerpt":{"rendered":"<p>Quatre cent\u202fans de ferveur populaire \u00e0 Sainte-Anne-d\u2019Auray Un article du Journal La Croix, paru le 7\/3\/2025 : Depuis la d\u00e9couverte miraculeuse d\u2019une statue par le laboureur Yvon Nicolazic le 7\u202fmars 1625, le sanctuaire de Sainte-Anne-\u200bd\u2019Auray ne cesse d\u2019attirer les visiteurs. Entre 300\u202f000 et 400\u202f000 personnes s\u2019y rendent chaque ann\u00e9e, un chiffre en l\u00e9g\u00e8re augmentation ces<a class=\"more-link\" href=\"https:\/\/paroisse-auray-pluneret.fr\/index.php\/2025\/03\/06\/vendredi-7-mars-400-ans-de-la-decouverte-de-la-statue-de-ste-anne\/\">Lire la suite <span class=\"screen-reader-text\">\u00ab\u00a0Le 7 mars, le dioc\u00e8se f\u00eatait les 400 ans de la d\u00e9couverte de la statue de Ste Anne\u00a0\u00bb<\/span><\/a><\/p>\n","protected":false},"author":2,"featured_media":1176,"comment_status":"closed","ping_status":"closed","sticky":false,"template":"","format":"standard","meta":{"_eb_attr":"","iawp_total_views":31,"footnotes":""},"categories":[6],"tags":[],"class_list":["post-1075","post","type-post","status-publish","format-standard","has-post-thumbnail","hentry","category-actu","entry"],"_links":{"self":[{"href":"https:\/\/paroisse-auray-pluneret.fr\/index.php\/wp-json\/wp\/v2\/posts\/1075","targetHints":{"allow":["GET"]}}],"collection":[{"href":"https:\/\/paroisse-auray-pluneret.fr\/index.php\/wp-json\/wp\/v2\/posts"}],"about":[{"href":"https:\/\/paroisse-auray-pluneret.fr\/index.php\/wp-json\/wp\/v2\/types\/post"}],"author":[{"embeddable":true,"href":"https:\/\/paroisse-auray-pluneret.fr\/index.php\/wp-json\/wp\/v2\/users\/2"}],"replies":[{"embeddable":true,"href":"https:\/\/paroisse-auray-pluneret.fr\/index.php\/wp-json\/wp\/v2\/comments?post=1075"}],"version-history":[{"count":11,"href":"https:\/\/paroisse-auray-pluneret.fr\/index.php\/wp-json\/wp\/v2\/posts\/1075\/revisions"}],"predecessor-version":[{"id":1184,"href":"https:\/\/paroisse-auray-pluneret.fr\/index.php\/wp-json\/wp\/v2\/posts\/1075\/revisions\/1184"}],"wp:featuredmedia":[{"embeddable":true,"href":"https:\/\/paroisse-auray-pluneret.fr\/index.php\/wp-json\/wp\/v2\/media\/1176"}],"wp:attachment":[{"href":"https:\/\/paroisse-auray-pluneret.fr\/index.php\/wp-json\/wp\/v2\/media?parent=1075"}],"wp:term":[{"taxonomy":"category","embeddable":true,"href":"https:\/\/paroisse-auray-pluneret.fr\/index.php\/wp-json\/wp\/v2\/categories?post=1075"},{"taxonomy":"post_tag","embeddable":true,"href":"https:\/\/paroisse-auray-pluneret.fr\/index.php\/wp-json\/wp\/v2\/tags?post=1075"}],"curies":[{"name":"wp","href":"https:\/\/api.w.org\/{rel}","templated":true}]}}