{"id":1072,"date":"2025-02-22T20:38:45","date_gmt":"2025-02-22T19:38:45","guid":{"rendered":"https:\/\/paroisse-auray-pluneret.fr\/?p=1072"},"modified":"2025-03-22T08:33:23","modified_gmt":"2025-03-22T07:33:23","slug":"vendredi-21-mars-enseignement-sur-le-credo","status":"publish","type":"post","link":"https:\/\/paroisse-auray-pluneret.fr\/index.php\/2025\/02\/22\/vendredi-21-mars-enseignement-sur-le-credo\/","title":{"rendered":"Vendredi \u00a021 mars, enseignement sur le Credo"},"content":{"rendered":"\n<p><em>Dans le cadre du 1700<\/em><em><sup>\u00e8me<\/sup><\/em><em> anniversaire du Concile de Nic\u00e9-Constantinople<\/em> :<\/p>\n\n\n\n<p><strong>Enseignement sur le CREDO de l\u2019Eglise par Mme Marie-France <\/strong><strong>FRAN\u00e7OISE<\/strong><strong><\/strong><\/p>\n\n\n\n<ul class=\"wp-block-list\">\n<li>\u00e0 15h \u00e0 Pluvigner, salle interparoissiale de Pluvigner (rue du presbyt\u00e8re)\u00a0 <\/li>\n<\/ul>\n\n\n\n<ul class=\"wp-block-list\">\n<li>et \u00e0 20h \u00e0 Auray salle st Bieuzy, rue Bourdeloy<\/li>\n<\/ul>\n","protected":false},"excerpt":{"rendered":"<p>Dans le cadre du 1700\u00e8me anniversaire du Concile de Nic\u00e9-Constantinople : Enseignement sur le CREDO de l\u2019Eglise par Mme Marie-France FRAN\u00e7OISE<\/p>\n","protected":false},"author":2,"featured_media":528,"comment_status":"closed","ping_status":"closed","sticky":false,"template":"","format":"standard","meta":{"_eb_attr":"","iawp_total_views":8,"footnotes":""},"categories":[1],"tags":[],"class_list":["post-1072","post","type-post","status-publish","format-standard","has-post-thumbnail","hentry","category-non-classe","entry"],"_links":{"self":[{"href":"https:\/\/paroisse-auray-pluneret.fr\/index.php\/wp-json\/wp\/v2\/posts\/1072","targetHints":{"allow":["GET"]}}],"collection":[{"href":"https:\/\/paroisse-auray-pluneret.fr\/index.php\/wp-json\/wp\/v2\/posts"}],"about":[{"href":"https:\/\/paroisse-auray-pluneret.fr\/index.php\/wp-json\/wp\/v2\/types\/post"}],"author":[{"embeddable":true,"href":"https:\/\/paroisse-auray-pluneret.fr\/index.php\/wp-json\/wp\/v2\/users\/2"}],"replies":[{"embeddable":true,"href":"https:\/\/paroisse-auray-pluneret.fr\/index.php\/wp-json\/wp\/v2\/comments?post=1072"}],"version-history":[{"count":2,"href":"https:\/\/paroisse-auray-pluneret.fr\/index.php\/wp-json\/wp\/v2\/posts\/1072\/revisions"}],"predecessor-version":[{"id":1074,"href":"https:\/\/paroisse-auray-pluneret.fr\/index.php\/wp-json\/wp\/v2\/posts\/1072\/revisions\/1074"}],"wp:featuredmedia":[{"embeddable":true,"href":"https:\/\/paroisse-auray-pluneret.fr\/index.php\/wp-json\/wp\/v2\/media\/528"}],"wp:attachment":[{"href":"https:\/\/paroisse-auray-pluneret.fr\/index.php\/wp-json\/wp\/v2\/media?parent=1072"}],"wp:term":[{"taxonomy":"category","embeddable":true,"href":"https:\/\/paroisse-auray-pluneret.fr\/index.php\/wp-json\/wp\/v2\/categories?post=1072"},{"taxonomy":"post_tag","embeddable":true,"href":"https:\/\/paroisse-auray-pluneret.fr\/index.php\/wp-json\/wp\/v2\/tags?post=1072"}],"curies":[{"name":"wp","href":"https:\/\/api.w.org\/{rel}","templated":true}]}}