{"id":1066,"date":"2025-02-23T20:34:34","date_gmt":"2025-02-23T19:34:34","guid":{"rendered":"https:\/\/paroisse-auray-pluneret.fr\/?p=1066"},"modified":"2025-04-05T21:13:00","modified_gmt":"2025-04-05T19:13:00","slug":"vendredi-4-avril-soiree-solidarite-et-repas-partage","status":"publish","type":"post","link":"https:\/\/paroisse-auray-pluneret.fr\/index.php\/2025\/02\/23\/vendredi-4-avril-soiree-solidarite-et-repas-partage\/","title":{"rendered":"Vendredi 4 avril : soir\u00e9e solidarit\u00e9 et repas partag\u00e9"},"content":{"rendered":"\n<p><strong>Soir\u00e9e solidarit\u00e9 avec l\u2019ile de Mayotte<\/strong> gravement touch\u00e9e par la temp\u00eate <\/p>\n\n\n\n<p>Ile o\u00f9 enseigne la s\u0153ur du P\u00e8re Guillaume PORROT : <a href=\"https:\/\/paroisse-auray-pluneret.fr\/index.php\/2025\/03\/30\/aider-une-ecole-a-mayotte\/\">voir ici<\/a><\/p>\n\n\n\n<p><strong>pr\u00e9c\u00e9d\u00e9e du partage d\u2019un repas <\/strong><\/p>\n\n\n\n<p><strong>Soir\u00e9e pr\u00e9sent\u00e9e et anim\u00e9e par le P. Guillaume PORROT<\/strong><\/p>\n\n\n\n<p><strong>Salle St Bieuzy&nbsp; \u2013 rue Bourdeloy<\/strong> \u00e0<strong> 19h00<\/strong><\/p>\n","protected":false},"excerpt":{"rendered":"<p>Soir\u00e9e solidarit\u00e9 avec l\u2019ile de Mayotte gravement touch\u00e9e par la temp\u00eate Ile o\u00f9 enseigne la s\u0153ur du P\u00e8re Guillaume PORROT : voir ici pr\u00e9c\u00e9d\u00e9e du partage d\u2019un repas Soir\u00e9e pr\u00e9sent\u00e9e et anim\u00e9e par le P. Guillaume PORROT Salle St Bieuzy&nbsp; \u2013 rue Bourdeloy \u00e0 19h00<\/p>\n","protected":false},"author":2,"featured_media":1067,"comment_status":"closed","ping_status":"closed","sticky":false,"template":"","format":"standard","meta":{"_eb_attr":"","iawp_total_views":6,"footnotes":""},"categories":[1],"tags":[],"class_list":["post-1066","post","type-post","status-publish","format-standard","has-post-thumbnail","hentry","category-non-classe","entry"],"_links":{"self":[{"href":"https:\/\/paroisse-auray-pluneret.fr\/index.php\/wp-json\/wp\/v2\/posts\/1066","targetHints":{"allow":["GET"]}}],"collection":[{"href":"https:\/\/paroisse-auray-pluneret.fr\/index.php\/wp-json\/wp\/v2\/posts"}],"about":[{"href":"https:\/\/paroisse-auray-pluneret.fr\/index.php\/wp-json\/wp\/v2\/types\/post"}],"author":[{"embeddable":true,"href":"https:\/\/paroisse-auray-pluneret.fr\/index.php\/wp-json\/wp\/v2\/users\/2"}],"replies":[{"embeddable":true,"href":"https:\/\/paroisse-auray-pluneret.fr\/index.php\/wp-json\/wp\/v2\/comments?post=1066"}],"version-history":[{"count":5,"href":"https:\/\/paroisse-auray-pluneret.fr\/index.php\/wp-json\/wp\/v2\/posts\/1066\/revisions"}],"predecessor-version":[{"id":1241,"href":"https:\/\/paroisse-auray-pluneret.fr\/index.php\/wp-json\/wp\/v2\/posts\/1066\/revisions\/1241"}],"wp:featuredmedia":[{"embeddable":true,"href":"https:\/\/paroisse-auray-pluneret.fr\/index.php\/wp-json\/wp\/v2\/media\/1067"}],"wp:attachment":[{"href":"https:\/\/paroisse-auray-pluneret.fr\/index.php\/wp-json\/wp\/v2\/media?parent=1066"}],"wp:term":[{"taxonomy":"category","embeddable":true,"href":"https:\/\/paroisse-auray-pluneret.fr\/index.php\/wp-json\/wp\/v2\/categories?post=1066"},{"taxonomy":"post_tag","embeddable":true,"href":"https:\/\/paroisse-auray-pluneret.fr\/index.php\/wp-json\/wp\/v2\/tags?post=1066"}],"curies":[{"name":"wp","href":"https:\/\/api.w.org\/{rel}","templated":true}]}}