{"id":1006,"date":"2025-12-30T11:16:43","date_gmt":"2025-12-30T10:16:43","guid":{"rendered":"https:\/\/paroisse-auray-pluneret.fr\/?p=1006"},"modified":"2026-01-29T10:21:20","modified_gmt":"2026-01-29T09:21:20","slug":"vendredi-7-mars-collecte-de-livres-bd-disques-vinyles-et-cd","status":"publish","type":"post","link":"https:\/\/paroisse-auray-pluneret.fr\/index.php\/2025\/12\/30\/vendredi-7-mars-collecte-de-livres-bd-disques-vinyles-et-cd\/","title":{"rendered":"6 f\u00e9vrier : collecte de vos anciens livres, BD, disques vinyles&#8230;"},"content":{"rendered":"\n<p>Vous n\u2019avez plus usage de vos livres, bd, disques vinyles ou disques cd&nbsp;? Donnez-leur une seconde vie en les donnant au CCFD \u2013 terre solidaire pour faire reculer la faim et la mis\u00e8re dans le monde !<\/p>\n\n\n\n<p>De 10 \u00e0 12h, maison paroissiale au 9 rue du docteur Bourdeloy \u00e0 Auray<\/p>\n\n\n\n<p>DATES SUIVANTES D\u2019ACCUEIL DES D\u00c9P\u00d4TS :<\/p>\n\n\n\n<ul class=\"wp-block-list\">\n<li>VENDREDI 6 MARS 2026<\/li>\n\n\n\n<li>VENDREDI 3 AVRIL 2026 (10 h \u00e0 midi )<\/li>\n\n\n\n<li><em>pas de collecte en mai <\/em><\/li>\n\n\n\n<li>VENDREDI 5 JUIN 2026 (10 h \u00e0 midi )<\/li>\n<\/ul>\n","protected":false},"excerpt":{"rendered":"<p>Vous n\u2019avez plus usage de vos livres, bd, disques vinyles ou disques cd&nbsp;? Donnez-leur une seconde vie en les donnant au CCFD \u2013 terre solidaire pour faire reculer la faim et la mis\u00e8re dans le monde ! De 10 \u00e0 12h, maison paroissiale au 9 rue du docteur Bourdeloy \u00e0 Auray DATES SUIVANTES D\u2019ACCUEIL DES<a class=\"more-link\" href=\"https:\/\/paroisse-auray-pluneret.fr\/index.php\/2025\/12\/30\/vendredi-7-mars-collecte-de-livres-bd-disques-vinyles-et-cd\/\">Lire la suite <span class=\"screen-reader-text\">\u00ab\u00a06 f\u00e9vrier : collecte de vos anciens livres, BD, disques vinyles&#8230;\u00a0\u00bb<\/span><\/a><\/p>\n","protected":false},"author":2,"featured_media":1581,"comment_status":"closed","ping_status":"closed","sticky":false,"template":"","format":"standard","meta":{"_eb_attr":"","iawp_total_views":18,"footnotes":""},"categories":[1],"tags":[],"class_list":["post-1006","post","type-post","status-publish","format-standard","has-post-thumbnail","hentry","category-non-classe","entry"],"_links":{"self":[{"href":"https:\/\/paroisse-auray-pluneret.fr\/index.php\/wp-json\/wp\/v2\/posts\/1006","targetHints":{"allow":["GET"]}}],"collection":[{"href":"https:\/\/paroisse-auray-pluneret.fr\/index.php\/wp-json\/wp\/v2\/posts"}],"about":[{"href":"https:\/\/paroisse-auray-pluneret.fr\/index.php\/wp-json\/wp\/v2\/types\/post"}],"author":[{"embeddable":true,"href":"https:\/\/paroisse-auray-pluneret.fr\/index.php\/wp-json\/wp\/v2\/users\/2"}],"replies":[{"embeddable":true,"href":"https:\/\/paroisse-auray-pluneret.fr\/index.php\/wp-json\/wp\/v2\/comments?post=1006"}],"version-history":[{"count":21,"href":"https:\/\/paroisse-auray-pluneret.fr\/index.php\/wp-json\/wp\/v2\/posts\/1006\/revisions"}],"predecessor-version":[{"id":1976,"href":"https:\/\/paroisse-auray-pluneret.fr\/index.php\/wp-json\/wp\/v2\/posts\/1006\/revisions\/1976"}],"wp:featuredmedia":[{"embeddable":true,"href":"https:\/\/paroisse-auray-pluneret.fr\/index.php\/wp-json\/wp\/v2\/media\/1581"}],"wp:attachment":[{"href":"https:\/\/paroisse-auray-pluneret.fr\/index.php\/wp-json\/wp\/v2\/media?parent=1006"}],"wp:term":[{"taxonomy":"category","embeddable":true,"href":"https:\/\/paroisse-auray-pluneret.fr\/index.php\/wp-json\/wp\/v2\/categories?post=1006"},{"taxonomy":"post_tag","embeddable":true,"href":"https:\/\/paroisse-auray-pluneret.fr\/index.php\/wp-json\/wp\/v2\/tags?post=1006"}],"curies":[{"name":"wp","href":"https:\/\/api.w.org\/{rel}","templated":true}]}}