{"id":1000,"date":"2025-02-09T17:47:15","date_gmt":"2025-02-09T16:47:15","guid":{"rendered":"https:\/\/paroisse-auray-pluneret.fr\/?p=1000"},"modified":"2025-02-15T10:55:35","modified_gmt":"2025-02-15T09:55:35","slug":"voeux-de-la-paroisse-le-1er-fevrier-2","status":"publish","type":"post","link":"https:\/\/paroisse-auray-pluneret.fr\/index.php\/2025\/02\/09\/voeux-de-la-paroisse-le-1er-fevrier-2\/","title":{"rendered":"V\u0153ux de la Paroisse le 1er f\u00e9vrier"},"content":{"rendered":"\n<p class=\"has-text-align-right\"><em>Extrait des v\u0153ux du P\u00e8re Ga\u00ebtan : \u00ab&nbsp;Une ann\u00e9e de Gr\u00e2ce accord\u00e9e par le Seigneur&nbsp;\u00bb<\/em><\/p>\n\n\n\n<p><em>&nbsp;<\/em>Pour vivre au mieux cette ann\u00e9e de gr\u00e2ce et de joie, je vous souhaite trois choses&nbsp;:<\/p>\n\n\n\n<ul class=\"wp-block-list\">\n<li>Je vous souhaite de faire personnellement une rencontre avec le Christ, c\u2019est-\u00e0-dire r\u00e9solument, le prendre comme compagne de route. Comme le dit le pape Fran\u00e7ois : \u00ab <em>La joie de l\u2019\u00e9vangile remplit le c\u0153ur et toute la vie de ceux qui rencontrent J\u00e9sus. Avec J\u00e9sus, la joie renait toujours. <\/em>\u00bb<\/li>\n\n\n\n<li>Je nous souhaite de poursuivre une v\u00e9ritable vie fraternelle et de communion. Pour cela, il nous faut nous laisser nous d\u00e9placer pour rejoindre l\u2019autre. Cela suppose une conversion int\u00e9rieure.<\/li>\n\n\n\n<li>Se mettre express\u00e9ment au service des autres en regardant l\u2019autre non comme un \u00e9tranger mais comme un fr\u00e8re. Qu\u2019on puisse dire de nous : \u00ab Voyez comme ils s\u2019aiment ! \u00bb.<\/li>\n<\/ul>\n\n\n\n<p class=\"has-secondary-color has-text-color has-link-color wp-elements-a6325bd9f19b5e96de212f4d3630df8d\">Belle ann\u00e9e jubilaire 2025 \u00e0 Tous !<em><\/em><\/p>\n","protected":false},"excerpt":{"rendered":"<p>Extrait des v\u0153ux du P\u00e8re Ga\u00ebtan : \u00ab&nbsp;Une ann\u00e9e de Gr\u00e2ce accord\u00e9e par le Seigneur&nbsp;\u00bb &nbsp;Pour vivre au mieux cette ann\u00e9e de gr\u00e2ce et de joie, je vous souhaite trois choses&nbsp;: Belle ann\u00e9e jubilaire 2025 \u00e0 Tous !<\/p>\n","protected":false},"author":2,"featured_media":1001,"comment_status":"closed","ping_status":"closed","sticky":false,"template":"","format":"standard","meta":{"_eb_attr":"","iawp_total_views":8,"footnotes":""},"categories":[1],"tags":[],"class_list":["post-1000","post","type-post","status-publish","format-standard","has-post-thumbnail","hentry","category-non-classe","entry"],"_links":{"self":[{"href":"https:\/\/paroisse-auray-pluneret.fr\/index.php\/wp-json\/wp\/v2\/posts\/1000","targetHints":{"allow":["GET"]}}],"collection":[{"href":"https:\/\/paroisse-auray-pluneret.fr\/index.php\/wp-json\/wp\/v2\/posts"}],"about":[{"href":"https:\/\/paroisse-auray-pluneret.fr\/index.php\/wp-json\/wp\/v2\/types\/post"}],"author":[{"embeddable":true,"href":"https:\/\/paroisse-auray-pluneret.fr\/index.php\/wp-json\/wp\/v2\/users\/2"}],"replies":[{"embeddable":true,"href":"https:\/\/paroisse-auray-pluneret.fr\/index.php\/wp-json\/wp\/v2\/comments?post=1000"}],"version-history":[{"count":1,"href":"https:\/\/paroisse-auray-pluneret.fr\/index.php\/wp-json\/wp\/v2\/posts\/1000\/revisions"}],"predecessor-version":[{"id":1002,"href":"https:\/\/paroisse-auray-pluneret.fr\/index.php\/wp-json\/wp\/v2\/posts\/1000\/revisions\/1002"}],"wp:featuredmedia":[{"embeddable":true,"href":"https:\/\/paroisse-auray-pluneret.fr\/index.php\/wp-json\/wp\/v2\/media\/1001"}],"wp:attachment":[{"href":"https:\/\/paroisse-auray-pluneret.fr\/index.php\/wp-json\/wp\/v2\/media?parent=1000"}],"wp:term":[{"taxonomy":"category","embeddable":true,"href":"https:\/\/paroisse-auray-pluneret.fr\/index.php\/wp-json\/wp\/v2\/categories?post=1000"},{"taxonomy":"post_tag","embeddable":true,"href":"https:\/\/paroisse-auray-pluneret.fr\/index.php\/wp-json\/wp\/v2\/tags?post=1000"}],"curies":[{"name":"wp","href":"https:\/\/api.w.org\/{rel}","templated":true}]}}